{"id":61023,"date":"2023-10-16T10:30:00","date_gmt":"2023-10-16T15:30:00","guid":{"rendered":"http:\/\/www.zonaroja.com.mx\/?p=61023"},"modified":"2023-10-16T08:35:27","modified_gmt":"2023-10-16T13:35:27","slug":"inedito-en-las-narices-del-ayuntamiento-de-oaxaca-construian-obra-sin-permiso","status":"publish","type":"post","link":"https:\/\/zonaroja.com.mx\/?p=61023","title":{"rendered":"In\u00e9dito: en las narices del ayuntamiento de Oaxaca constru\u00edan obra sin permiso"},"content":{"rendered":"\n<p>Ismael Garc\u00eda M.\/Zona Roja.<\/p>\n\n\n\n<p>Oaxaca de Ju\u00e1rez, Oax., a 16 de octubre de 2023.- A tres cuadras del palacio municipal de Oaxaca de Ju\u00e1rez, un particular constru\u00eda una segunda planta de un inmueble, anexo al templo del Carmen Bajo, en el Centro Hist\u00f3rico de la ciudad.<\/p>\n\n\n\n<p>Se trata de una construcci\u00f3n en la calle de Porfirio D\u00edaz, entre las avenidas Independencia y Morelos, que ya llevaba al menos un metro de pared, con bloques de cemento, sin que ninguna autoridad se diera cuenta de ello.<\/p>\n\n\n\n<p>No fue sino hasta que se dieron a conocer las im\u00e1genes, v\u00eda redes sociales, en que el gobierno municipal que encabeza Francisco Mart\u00ednez Neri acudi\u00f3 con inspectores para colocar sellos de clausura.<\/p>\n\n\n\n<p>En tanto, hasta el momento el Instituto Nacional de Antropolog\u00eda e Historia (INAH) no ha emitido ning\u00fan pronunciamiento al respecto ni tampoco acerca de continuos trabajos de ampliaci\u00f3n en inmuebles ubicados en la poligonal del Centro Hist\u00f3rico.<\/p>\n\n\n\n<p>Particularmente por la construcci\u00f3n de terrazas en restaurantes y bares, que supuestamente no cuentan con permiso para ello, pero que cada d\u00eda aumentan en la capital.<\/p>\n\n\n\n<p>Respecto al inmueble marcado con el n\u00famero 112 de la calle Porfirio D\u00edaz, el ayuntamiento dio a conocer anoche en sus redes sociales:<\/p>\n\n\n\n<p>\u201cPor incumplir los lineamientos del Centro Hist\u00f3rico, la autoridad municipal procedi\u00f3 a la clausura de la obra de un inmueble ubicado en la calle de Porfirio D\u00edaz&nbsp; entre Avenida Independencia y Morelos, en la ciudad de Oaxaca de Ju\u00e1rez, la cual tendr\u00e1 que ser demolida\u201d.<\/p>\n","protected":false},"excerpt":{"rendered":"<p>Ismael Garc\u00eda M.\/Zona Roja. Oaxaca de Ju\u00e1rez, Oax., a 16 de octubre de 2023.- A&hellip;<\/p>\n","protected":false},"author":2,"featured_media":61024,"comment_status":"closed","ping_status":"open","sticky":false,"template":"","format":"standard","meta":{"_lmt_disableupdate":"","_lmt_disable":"","_jetpack_memberships_contains_paid_content":false,"footnotes":""},"categories":[109,47],"tags":[148],"class_list":["post-61023","post","type-post","status-publish","format-standard","has-post-thumbnail","hentry","category-minuto-a-minuto","category-zona-gris","tag-oaxaca-de-juarez"],"jetpack_featured_media_url":"https:\/\/zonaroja.com.mx\/wp-content\/uploads\/2023\/10\/Casa-en-construccion-ciudad-de-Oaxaca.jpg","jetpack_sharing_enabled":true,"_links":{"self":[{"href":"https:\/\/zonaroja.com.mx\/index.php?rest_route=\/wp\/v2\/posts\/61023","targetHints":{"allow":["GET"]}}],"collection":[{"href":"https:\/\/zonaroja.com.mx\/index.php?rest_route=\/wp\/v2\/posts"}],"about":[{"href":"https:\/\/zonaroja.com.mx\/index.php?rest_route=\/wp\/v2\/types\/post"}],"author":[{"embeddable":true,"href":"https:\/\/zonaroja.com.mx\/index.php?rest_route=\/wp\/v2\/users\/2"}],"replies":[{"embeddable":true,"href":"https:\/\/zonaroja.com.mx\/index.php?rest_route=%2Fwp%2Fv2%2Fcomments&post=61023"}],"version-history":[{"count":1,"href":"https:\/\/zonaroja.com.mx\/index.php?rest_route=\/wp\/v2\/posts\/61023\/revisions"}],"predecessor-version":[{"id":61025,"href":"https:\/\/zonaroja.com.mx\/index.php?rest_route=\/wp\/v2\/posts\/61023\/revisions\/61025"}],"wp:featuredmedia":[{"embeddable":true,"href":"https:\/\/zonaroja.com.mx\/index.php?rest_route=\/wp\/v2\/media\/61024"}],"wp:attachment":[{"href":"https:\/\/zonaroja.com.mx\/index.php?rest_route=%2Fwp%2Fv2%2Fmedia&parent=61023"}],"wp:term":[{"taxonomy":"category","embeddable":true,"href":"https:\/\/zonaroja.com.mx\/index.php?rest_route=%2Fwp%2Fv2%2Fcategories&post=61023"},{"taxonomy":"post_tag","embeddable":true,"href":"https:\/\/zonaroja.com.mx\/index.php?rest_route=%2Fwp%2Fv2%2Ftags&post=61023"}],"curies":[{"name":"wp","href":"https:\/\/api.w.org\/{rel}","templated":true}]}}