{"id":61029,"date":"2023-10-16T17:58:29","date_gmt":"2023-10-16T22:58:29","guid":{"rendered":"http:\/\/www.zonaroja.com.mx\/?p=61029"},"modified":"2023-10-16T17:58:31","modified_gmt":"2023-10-16T22:58:31","slug":"crea-oaxaca-por-decreto-unidad-de-inteligencia-patrimonial-y-economica","status":"publish","type":"post","link":"https:\/\/zonaroja.com.mx\/?p=61029","title":{"rendered":"Crea Oaxaca por decreto Unidad de Inteligencia Patrimonial y Econ\u00f3mica"},"content":{"rendered":"\n<p>Redacci\u00f3n\/Zona Roja.<\/p>\n\n\n\n<p>Oaxaca de Ju\u00e1rez, Oax., a 16 de octubre de 2023.- El gobierno de Oaxaca emiti\u00f3 un decreto para instalar la Unidad de Inteligencia Patrimonial y Econ\u00f3mica (UIPE), cuyo objetivo principal es llevar a cabo la recopilaci\u00f3n y procesamiento de informaci\u00f3n en materia de prevenci\u00f3n y combate a las operaciones con recursos de procedencia il\u00edcita.<\/p>\n\n\n\n<p>Se trata de un organismo p\u00fablico descentralizado con personalidad jur\u00eddica y patrimonio propio, sectorizado a la Secretar\u00eda de Finanzas, \u201clo cual representa un avance muy importante y un gran cambio cualitativo en la estrategia de lucha contra la corrupci\u00f3n\u201d, inform\u00f3 el mandatario Salom\u00f3n Jara Cruz.<\/p>\n\n\n\n<p>En la conferencia semanal, explic\u00f3 que esta Unidad ayudar\u00e1 a crear un sistema de informaci\u00f3n fiscal y patrimonial; podr\u00e1 requerir, generar y analizar informaci\u00f3n fiscal y patrimonial para la investigaci\u00f3n de hechos posiblemente il\u00edcitos; requerir y obtener informaci\u00f3n de diversos sujetos, entre los que destacan notarios y autoridades registrales y catastrales.<\/p>\n\n\n\n<p>Tambi\u00e9n crear\u00e1 una lista de personas sujetas a una investigaci\u00f3n de hechos posiblemente il\u00edcitos y coadyuvar\u00e1 con las autoridades competentes, alertar\u00e1 a las autoridades de la administraci\u00f3n p\u00fablica estatal sobre movimientos fiscales y patrimoniales relevantes.<\/p>\n\n\n\n<p>Adem\u00e1s, podr\u00e1 celebrar convenios de colaboraci\u00f3n con instancias federales y denunciar o querellarse ante el ministerio p\u00fablico, \u201cqueremos enviar un mensaje muy claro: en nuestro gobierno no habr\u00e1 ni indiferencia ni complicidad\u201d, recalc\u00f3.<\/p>\n\n\n\n<p>\u201cCon estas acciones, el gobierno de la Primavera Oaxaque\u00f1a cumple con el Nuevo Pacto Social para la convivencia pac\u00edfica y segura, la profundizaci\u00f3n democr\u00e1tica, la lucha contra la corrupci\u00f3n, la soluci\u00f3n de conflictos, el respeto y promoci\u00f3n de la cultura de los pueblos y comunidades desde una perspectiva intercultural\u201d, destac\u00f3 en un comunicado.<\/p>\n","protected":false},"excerpt":{"rendered":"<p>Redacci\u00f3n\/Zona Roja. Oaxaca de Ju\u00e1rez, Oax., a 16 de octubre de 2023.- El gobierno de&hellip;<\/p>\n","protected":false},"author":2,"featured_media":61030,"comment_status":"closed","ping_status":"open","sticky":false,"template":"","format":"standard","meta":{"_lmt_disableupdate":"","_lmt_disable":"","_jetpack_memberships_contains_paid_content":false,"footnotes":""},"categories":[109,46],"tags":[939],"class_list":["post-61029","post","type-post","status-publish","format-standard","has-post-thumbnail","hentry","category-minuto-a-minuto","category-zona-blanca","tag-salomon-jara-cruz"],"jetpack_featured_media_url":"https:\/\/zonaroja.com.mx\/wp-content\/uploads\/2023\/10\/GOBERNADOR-FIRMA-1.jpg","jetpack_sharing_enabled":true,"_links":{"self":[{"href":"https:\/\/zonaroja.com.mx\/index.php?rest_route=\/wp\/v2\/posts\/61029","targetHints":{"allow":["GET"]}}],"collection":[{"href":"https:\/\/zonaroja.com.mx\/index.php?rest_route=\/wp\/v2\/posts"}],"about":[{"href":"https:\/\/zonaroja.com.mx\/index.php?rest_route=\/wp\/v2\/types\/post"}],"author":[{"embeddable":true,"href":"https:\/\/zonaroja.com.mx\/index.php?rest_route=\/wp\/v2\/users\/2"}],"replies":[{"embeddable":true,"href":"https:\/\/zonaroja.com.mx\/index.php?rest_route=%2Fwp%2Fv2%2Fcomments&post=61029"}],"version-history":[{"count":1,"href":"https:\/\/zonaroja.com.mx\/index.php?rest_route=\/wp\/v2\/posts\/61029\/revisions"}],"predecessor-version":[{"id":61031,"href":"https:\/\/zonaroja.com.mx\/index.php?rest_route=\/wp\/v2\/posts\/61029\/revisions\/61031"}],"wp:featuredmedia":[{"embeddable":true,"href":"https:\/\/zonaroja.com.mx\/index.php?rest_route=\/wp\/v2\/media\/61030"}],"wp:attachment":[{"href":"https:\/\/zonaroja.com.mx\/index.php?rest_route=%2Fwp%2Fv2%2Fmedia&parent=61029"}],"wp:term":[{"taxonomy":"category","embeddable":true,"href":"https:\/\/zonaroja.com.mx\/index.php?rest_route=%2Fwp%2Fv2%2Fcategories&post=61029"},{"taxonomy":"post_tag","embeddable":true,"href":"https:\/\/zonaroja.com.mx\/index.php?rest_route=%2Fwp%2Fv2%2Ftags&post=61029"}],"curies":[{"name":"wp","href":"https:\/\/api.w.org\/{rel}","templated":true}]}}