{"id":61035,"date":"2023-10-16T20:11:01","date_gmt":"2023-10-17T01:11:01","guid":{"rendered":"http:\/\/www.zonaroja.com.mx\/?p=61035"},"modified":"2023-10-16T20:11:04","modified_gmt":"2023-10-17T01:11:04","slug":"vive-oaxaca-intenso-lunes-de-protestas-en-valles-istmo-y-mixteca","status":"publish","type":"post","link":"https:\/\/zonaroja.com.mx\/?p=61035","title":{"rendered":"Vive Oaxaca intenso lunes de protestas, en Valles, Istmo y Mixteca"},"content":{"rendered":"\n<p>Ismael Garc\u00eda M.\/Zona Roja.<\/p>\n\n\n\n<p>Oaxaca de Ju\u00e1rez, Oax., a 16 de octubre de 2023.- Al menos una decena de protestas y bloqueos carreteros se registr\u00f3 este lunes en las regiones Valles Centrales, Istmo de Tehuantepec y Mixteca.<\/p>\n\n\n\n<p>Esta tarde, estudiantes de la Escuela Normal Urbana Federal del Istmo bloquearon la carretera Ciudad Ixtepec-Asunci\u00f3n Ixtaltepec, a la altura de la sede de la Universidad Pedag\u00f3gica Nacional, para exigir al Instituto Estatal de Educaci\u00f3n P\u00fablica de Oaxaca el cumplimiento a diversas demandas.<\/p>\n\n\n\n<p>Por varias horas, habitantes de Magdalena Tequisistl\u00e1n cerraron la carretera federal 190 Oaxaca-Istmo, a la altura del acceso a dicho municipio.<\/p>\n\n\n\n<p>Lo anterior en demanda de servicios b\u00e1sicos, como el agua potable; despu\u00e9s de las 16:00 horas fue retirado el bloqueo.<\/p>\n\n\n\n<p>Tambi\u00e9n en el Istmo pero en Juchit\u00e1n de Zaragoza, trabajadores del sector salud marcharon en las calles de dicha ciudad, para exigir a los Servicios de Salud de Oaxaca (SSO) atenci\u00f3n a diversas demandas, principalmente de rehabilitaci\u00f3n del hospital general.<\/p>\n\n\n\n<p>En Valles Centrales, adheridos a la Secci\u00f3n 22 del Sindicato Nacional de Trabajadores de la Educaci\u00f3n (SNTE) protagonizaron al menos tres protestas.<\/p>\n\n\n\n<p>La m\u00e1s reciente de ellas en la sede del Congreso del Estado, en el municipio de San Raymundo Jalpan, para dar cobertura a la reuni\u00f3n de diputados con la Direcci\u00f3n de Pueblos Originarios, que busca su reconocimiento constitucional.<\/p>\n\n\n\n<p>Previo a ello y por un lapso de dos horas, Personal de Apoyo y Asistencia a la Educaci\u00f3n (PAAE), cerr\u00f3 el crucero de la carretera Internacional con bulevar Eduardo Vasconcelos y avenida Heroico Colegio Militar, as\u00ed como Belisario Dom\u00ednguez esquina con Azucenas, colonia Reforma.<\/p>\n\n\n\n<p>Lo anterior para exigir al IEEPO el pago de diversas prestaciones pendientes, as\u00ed como el otorgamiento de un regalo de fin de a\u00f1o acorde al presupuesto que aseguran est\u00e1 destinado para ello.<\/p>\n\n\n\n<p>En la regi\u00f3n Mixteca de Oaxaca, habitantes de la comunidad de San Jos\u00e9 Xochixtl\u00e1n bloquean la carretera federal 125, a la altura del acceso a esa poblaci\u00f3n, para exigir la ejecuci\u00f3n de la sentencia a fin de recibir sus recursos, retenidos por su municipio San Mart\u00edn #Itunyoso.&nbsp;<\/p>\n\n\n\n<p>Otra representaci\u00f3n lleg\u00f3 temprano a la capital del estado y protest\u00f3 por unos minutos en el exterior del Palacio de Gobierno; fueron recibidos despu\u00e9s por una representaci\u00f3n gubernamental.<\/p>\n\n\n\n<p>En el z\u00f3calo se presentaron al menos tres protestas, dos de ellas de organizaciones sociales, con nuevo membrete, que aseguran representar a diversas comunidades del estado, bajo la organizaci\u00f3n \u201cAlianza de los Pueblos Originarios para el Desarrollo\u201d.<\/p>\n\n\n\n<p>Otra m\u00e1s fue la de un habitante de San Crist\u00f3bal Honduras, Miahuatl\u00e1n de Porfirio D\u00edaz, quien denunci\u00f3 que desde hace cuatro a\u00f1os retuvieron su cami\u00f3n de carga, por una confusi\u00f3n, en San Andr\u00e9s Lovene, y a la fecha no han logrado devolverla y por lo cual pidi\u00f3 el apoyo del Gobierno del Estado.<\/p>\n","protected":false},"excerpt":{"rendered":"<p>Ismael Garc\u00eda M.\/Zona Roja. Oaxaca de Ju\u00e1rez, Oax., a 16 de octubre de 2023.- Al&hellip;<\/p>\n","protected":false},"author":2,"featured_media":61036,"comment_status":"closed","ping_status":"open","sticky":false,"template":"","format":"standard","meta":{"_lmt_disableupdate":"","_lmt_disable":"","_jetpack_memberships_contains_paid_content":false,"footnotes":""},"categories":[109,47],"tags":[2264],"class_list":["post-61035","post","type-post","status-publish","format-standard","has-post-thumbnail","hentry","category-minuto-a-minuto","category-zona-gris","tag-bloqueos-y-protestas-oaxaca"],"jetpack_featured_media_url":"https:\/\/zonaroja.com.mx\/wp-content\/uploads\/2023\/10\/Bloqueos-Oaxaca-Seccion-22-.jpg","jetpack_sharing_enabled":true,"_links":{"self":[{"href":"https:\/\/zonaroja.com.mx\/index.php?rest_route=\/wp\/v2\/posts\/61035","targetHints":{"allow":["GET"]}}],"collection":[{"href":"https:\/\/zonaroja.com.mx\/index.php?rest_route=\/wp\/v2\/posts"}],"about":[{"href":"https:\/\/zonaroja.com.mx\/index.php?rest_route=\/wp\/v2\/types\/post"}],"author":[{"embeddable":true,"href":"https:\/\/zonaroja.com.mx\/index.php?rest_route=\/wp\/v2\/users\/2"}],"replies":[{"embeddable":true,"href":"https:\/\/zonaroja.com.mx\/index.php?rest_route=%2Fwp%2Fv2%2Fcomments&post=61035"}],"version-history":[{"count":1,"href":"https:\/\/zonaroja.com.mx\/index.php?rest_route=\/wp\/v2\/posts\/61035\/revisions"}],"predecessor-version":[{"id":61037,"href":"https:\/\/zonaroja.com.mx\/index.php?rest_route=\/wp\/v2\/posts\/61035\/revisions\/61037"}],"wp:featuredmedia":[{"embeddable":true,"href":"https:\/\/zonaroja.com.mx\/index.php?rest_route=\/wp\/v2\/media\/61036"}],"wp:attachment":[{"href":"https:\/\/zonaroja.com.mx\/index.php?rest_route=%2Fwp%2Fv2%2Fmedia&parent=61035"}],"wp:term":[{"taxonomy":"category","embeddable":true,"href":"https:\/\/zonaroja.com.mx\/index.php?rest_route=%2Fwp%2Fv2%2Fcategories&post=61035"},{"taxonomy":"post_tag","embeddable":true,"href":"https:\/\/zonaroja.com.mx\/index.php?rest_route=%2Fwp%2Fv2%2Ftags&post=61035"}],"curies":[{"name":"wp","href":"https:\/\/api.w.org\/{rel}","templated":true}]}}