{"id":61038,"date":"2023-10-16T22:11:21","date_gmt":"2023-10-17T03:11:21","guid":{"rendered":"http:\/\/www.zonaroja.com.mx\/?p=61038"},"modified":"2023-10-16T22:11:25","modified_gmt":"2023-10-17T03:11:25","slug":"cierran-o-no-el-albergue-de-migrantes-en-san-sebastian-tutla","status":"publish","type":"post","link":"https:\/\/zonaroja.com.mx\/?p=61038","title":{"rendered":"\u00bfCierran o no el albergue de migrantes en San Sebasti\u00e1n Tutla?"},"content":{"rendered":"\n<p>Ismael Garc\u00eda M.\/Zona Roja.<\/p>\n\n\n\n<p>Oaxaca de Ju\u00e1rez, Oax., a 16 de octubre de 2023.- \u201cSoy afectada en mi calle. Se lo comuniqu\u00e9 al municipio, a la presidencia; mand\u00e9 evidencias de mi entrada, donde yo tengo que pedir permiso, para poder entrar a mi casa, para que no me afecten en la entrada de mis hijos, que llegan a la hora que gusten llegar, porque somos libres\u201d.<\/p>\n\n\n\n<p>La de la se\u00f1ora Leticia Sosa Honorato es una de las tantas quejas que se presentaron ayer en la asamblea de San Sebasti\u00e1n Tutla, para definir el destino de albergue de migrantes, ubicado desde hace cerca de un mes en un predio de la organizaci\u00f3n Confederaci\u00f3n Joven, en la avenida Camino Nacional, y que ha generado molestias a la poblaci\u00f3n.<\/p>\n\n\n\n<p>Presuntamente la reuni\u00f3n efectuada ayer en la explanada municipal, los pobladores acordaron dar un plazo al 30 de octubre, para que la Secretar\u00eda de Gobierno de Oaxaca (Sego) clausure dicho espacio, pues consideran que hay m\u00faltiples afectaciones, como inseguridad, basura y concentraci\u00f3n de personas migrantes en las calles.<\/p>\n\n\n\n<p>Sin embargo, hasta el momento no hay evidencia formal de los acuerdos tomados en la asamblea, pues el presidente municipal, Alejandro Fernando Garc\u00eda V\u00e1squez, se ha negado a responder a los cuestionamientos de la prensa y ayer, tras la asamblea, se dedic\u00f3 a ingerir bebidas embriagantes con otros ciudadanos.<\/p>\n\n\n\n<p>LA OTRA VERSI\u00d3N<\/p>\n\n\n\n<p>Esta ma\u00f1ana, en conferencia de prensa, el gobernador Salom\u00f3n Jara Cruz asegur\u00f3 que no hay molestias en la poblaci\u00f3n de San Sebasti\u00e1n Tutla, conurbado por la zona oriente de la ciudad de Oaxaca.<\/p>\n\n\n\n<p>En tanto, el secretario de Gobierno, Jes\u00fas Romero L\u00f3pez, detall\u00f3 que del 25 de septiembre al 15 de octubre, se han contabilizado 43 mil personas migrantes concentradas en Juchit\u00e1n de Zaragoza, en la regi\u00f3n del Istmo, mientras que en la sede de Tutla suman 26 mil 932.<\/p>\n\n\n\n<p>Son en su mayor\u00eda cubanos, haitianos y venezolanos, pues son quienes gozan de una cita para poder acceder a Estados Unidos.<\/p>\n\n\n\n<p>\u201cEfectivamente hubo una asamblea en San Sebasti\u00e1n Tutla el d\u00eda de ayer; tenemos un acta y en ning\u00fan momento hay un rechazo a la permanencia; fue una asamblea muy tranquila y la verdad es que es una oleada de gente que llega a solidarizarse, del propio San Sebasti\u00e1n con los migrantes\u2026<\/p>\n\n\n\n<p>\u201cS\u00ed vamos a suspender actividades del d\u00eda 30 (de octubre) al d\u00eda 3 (de noviembre) para las festividades del D\u00eda de Muertos puesto que ah\u00ed cerca est\u00e1 el pante\u00f3n, se hacen las comparsas; vamos a habilitar otro espacio y regresaremos, prevemos unos 10-15 d\u00edas m\u00e1s\u2026 Todo est\u00e1 en orden y en paz en San Sebasti\u00e1n Tutla\u201d, dijo.<\/p>\n\n\n\n<p>El gobernador Salom\u00f3n Jara Cruz reforz\u00f3 que el Presidente Andr\u00e9s Manuel L\u00f3pez Obrador est\u00e1 trabajando este tema y ha convocado a un encuentro internacional para analizar esta problem\u00e1tica.<\/p>\n\n\n\n<p>\u201cYo agradezco al pueblo de Oaxaca que es muy solidario\u2026 Hay personas le est\u00e1n dando trabajo, est\u00e1 bien; somos hermanos, tenemos que ayudar y solidarizarnos. No, no es cierto que los quieran correr, saludo a nuestros hermanos de San Sebasti\u00e1n Tutla, la gente est\u00e1 muy solidaria y contenta\u201d.<\/p>\n\n\n\n<p>FLUJO CONTINUO<\/p>\n\n\n\n<p>Durante un recorrido efectuado la ma\u00f1ana de hoy, ZONA ROJA constat\u00f3 el permanente tr\u00e1nsito de personas por las calles de San Sebasti\u00e1n Tutla, principalmente sobre Camino Nacional y sobre la carretera Internacional 190; en varios cruceros viales se apostan para pedir dinero.<\/p>\n\n\n\n<p>En el albergue la actividad es intensa; continuamente llegan autobuses para trasladar a los migrantes, mientras muchos m\u00e1s esperan unidades de transporte.&nbsp;<\/p>\n\n\n\n<p>Hay sanitarios port\u00e1tiles, servicios de agua y vigilancia policiaca, as\u00ed como personal de diversas dependencias, entre ellas la Sego, para vigilar y atender cualquier imponderable.<\/p>\n\n\n\n<p>Sin embargo:<\/p>\n\n\n\n<p>\u201cLe pido por la seguridad de mi familia y los que habitamos ese domicilio, porque no es posible que yo llegue a las ocho de la noche corriendo, para que no me cierren mi entrada;&nbsp; no es posible que me est\u00e9 desvelando a las cuatro de la ma\u00f1ana para saber que mi hijo lleg\u00f3 bien de su trabajo, sin que los se\u00f1ores se enojen. Pido que se vigile esa calle, que se ponga m\u00e1s atenci\u00f3n, porque somos los m\u00e1s afectados, por favor\u201d, remat\u00f3 la se\u00f1or Leticia Sosa ayer durante la asamblea de la comunidad de San Sebasti\u00e1n.<\/p>\n","protected":false},"excerpt":{"rendered":"<p>Ismael Garc\u00eda M.\/Zona Roja. Oaxaca de Ju\u00e1rez, Oax., a 16 de octubre de 2023.- \u201cSoy&hellip;<\/p>\n","protected":false},"author":2,"featured_media":61040,"comment_status":"closed","ping_status":"open","sticky":false,"template":"","format":"standard","meta":{"_lmt_disableupdate":"","_lmt_disable":"","_jetpack_memberships_contains_paid_content":false,"footnotes":""},"categories":[109,47],"tags":[3703,1116],"class_list":["post-61038","post","type-post","status-publish","format-standard","has-post-thumbnail","hentry","category-minuto-a-minuto","category-zona-gris","tag-migrantes-oaxaca","tag-san-sebastian-tutla"],"jetpack_featured_media_url":"https:\/\/zonaroja.com.mx\/wp-content\/uploads\/2023\/10\/Migrantes-San-Sebastian-Tutla-1.jpg","jetpack_sharing_enabled":true,"_links":{"self":[{"href":"https:\/\/zonaroja.com.mx\/index.php?rest_route=\/wp\/v2\/posts\/61038","targetHints":{"allow":["GET"]}}],"collection":[{"href":"https:\/\/zonaroja.com.mx\/index.php?rest_route=\/wp\/v2\/posts"}],"about":[{"href":"https:\/\/zonaroja.com.mx\/index.php?rest_route=\/wp\/v2\/types\/post"}],"author":[{"embeddable":true,"href":"https:\/\/zonaroja.com.mx\/index.php?rest_route=\/wp\/v2\/users\/2"}],"replies":[{"embeddable":true,"href":"https:\/\/zonaroja.com.mx\/index.php?rest_route=%2Fwp%2Fv2%2Fcomments&post=61038"}],"version-history":[{"count":1,"href":"https:\/\/zonaroja.com.mx\/index.php?rest_route=\/wp\/v2\/posts\/61038\/revisions"}],"predecessor-version":[{"id":61041,"href":"https:\/\/zonaroja.com.mx\/index.php?rest_route=\/wp\/v2\/posts\/61038\/revisions\/61041"}],"wp:featuredmedia":[{"embeddable":true,"href":"https:\/\/zonaroja.com.mx\/index.php?rest_route=\/wp\/v2\/media\/61040"}],"wp:attachment":[{"href":"https:\/\/zonaroja.com.mx\/index.php?rest_route=%2Fwp%2Fv2%2Fmedia&parent=61038"}],"wp:term":[{"taxonomy":"category","embeddable":true,"href":"https:\/\/zonaroja.com.mx\/index.php?rest_route=%2Fwp%2Fv2%2Fcategories&post=61038"},{"taxonomy":"post_tag","embeddable":true,"href":"https:\/\/zonaroja.com.mx\/index.php?rest_route=%2Fwp%2Fv2%2Ftags&post=61038"}],"curies":[{"name":"wp","href":"https:\/\/api.w.org\/{rel}","templated":true}]}}