{"id":61042,"date":"2023-10-16T23:00:28","date_gmt":"2023-10-17T04:00:28","guid":{"rendered":"http:\/\/www.zonaroja.com.mx\/?p=61042"},"modified":"2023-10-16T23:00:31","modified_gmt":"2023-10-17T04:00:31","slug":"ataque-armado-deja-tres-heridos-entre-ellos-una-embarazada-en-huajuapan","status":"publish","type":"post","link":"https:\/\/zonaroja.com.mx\/?p=61042","title":{"rendered":"Ataque armado deja tres heridos, entre ellos una embarazada, en Huajuapan"},"content":{"rendered":"\n<p>Redacci\u00f3n\/Zona Roja.<\/p>\n\n\n\n<p>Oaxaca de Ju\u00e1rez, Oax., a 16 de octubre de 2023.- Un ataque armado se registr\u00f3 la tarde de este lunes en Huajuapan de Le\u00f3n, municipio de la regi\u00f3n Mixteca de Oaxaca, con saldo preliminar de tres personas lesionadas, entre ellas una embarazada.<\/p>\n\n\n\n<p>La agresi\u00f3n ocurri\u00f3 en la calla Para\u00edsos esquina con Laurel de la agencia municipal de Santa Teresa, por parte de sujetos desconocidos que se trasladaban en un veh\u00edculo de motor.<\/p>\n\n\n\n<p>La mujer presenta, con alrededor de siete semanas de embarazo, presenta al menos tres impactos de arma de fuego y junto con dos individuos, fue trasladada de emergencia a un hospital del centro de Huajuapan.<\/p>\n\n\n\n<p>Hasta el momento se desconoce la identidad de las v\u00edctimas y el m\u00f3vil del ataque armado, caso que investiga la Vicefiscal\u00eda Regional de la Mixteca, dependiente de la Fiscal\u00eda General del Estado de Oaxaca.<\/p>\n","protected":false},"excerpt":{"rendered":"<p>Redacci\u00f3n\/Zona Roja. Oaxaca de Ju\u00e1rez, Oax., a 16 de octubre de 2023.- Un ataque armado&hellip;<\/p>\n","protected":false},"author":2,"featured_media":61043,"comment_status":"closed","ping_status":"open","sticky":false,"template":"","format":"standard","meta":{"_lmt_disableupdate":"","_lmt_disable":"","_jetpack_memberships_contains_paid_content":false,"footnotes":""},"categories":[109,47],"tags":[594],"class_list":["post-61042","post","type-post","status-publish","format-standard","has-post-thumbnail","hentry","category-minuto-a-minuto","category-zona-gris","tag-huajuapan-de-leon"],"jetpack_featured_media_url":"https:\/\/zonaroja.com.mx\/wp-content\/uploads\/2023\/10\/Ataque-armado-Huajuapan-de-Leon.jpg","jetpack_sharing_enabled":true,"_links":{"self":[{"href":"https:\/\/zonaroja.com.mx\/index.php?rest_route=\/wp\/v2\/posts\/61042","targetHints":{"allow":["GET"]}}],"collection":[{"href":"https:\/\/zonaroja.com.mx\/index.php?rest_route=\/wp\/v2\/posts"}],"about":[{"href":"https:\/\/zonaroja.com.mx\/index.php?rest_route=\/wp\/v2\/types\/post"}],"author":[{"embeddable":true,"href":"https:\/\/zonaroja.com.mx\/index.php?rest_route=\/wp\/v2\/users\/2"}],"replies":[{"embeddable":true,"href":"https:\/\/zonaroja.com.mx\/index.php?rest_route=%2Fwp%2Fv2%2Fcomments&post=61042"}],"version-history":[{"count":1,"href":"https:\/\/zonaroja.com.mx\/index.php?rest_route=\/wp\/v2\/posts\/61042\/revisions"}],"predecessor-version":[{"id":61044,"href":"https:\/\/zonaroja.com.mx\/index.php?rest_route=\/wp\/v2\/posts\/61042\/revisions\/61044"}],"wp:featuredmedia":[{"embeddable":true,"href":"https:\/\/zonaroja.com.mx\/index.php?rest_route=\/wp\/v2\/media\/61043"}],"wp:attachment":[{"href":"https:\/\/zonaroja.com.mx\/index.php?rest_route=%2Fwp%2Fv2%2Fmedia&parent=61042"}],"wp:term":[{"taxonomy":"category","embeddable":true,"href":"https:\/\/zonaroja.com.mx\/index.php?rest_route=%2Fwp%2Fv2%2Fcategories&post=61042"},{"taxonomy":"post_tag","embeddable":true,"href":"https:\/\/zonaroja.com.mx\/index.php?rest_route=%2Fwp%2Fv2%2Ftags&post=61042"}],"curies":[{"name":"wp","href":"https:\/\/api.w.org\/{rel}","templated":true}]}}