{"id":61047,"date":"2023-10-17T09:30:00","date_gmt":"2023-10-17T14:30:00","guid":{"rendered":"http:\/\/www.zonaroja.com.mx\/?p=61047"},"modified":"2023-10-17T07:58:42","modified_gmt":"2023-10-17T12:58:42","slug":"el-ine-ordena-a-claudia-sheinbaum-suspender-giras-proselitistas","status":"publish","type":"post","link":"https:\/\/zonaroja.com.mx\/?p=61047","title":{"rendered":"El INE ordena a Claudia Sheinbaum suspender giras proselitistas"},"content":{"rendered":"\n<p>Redacci\u00f3n\/Zona Roja Cdmx.<\/p>\n\n\n\n<p>Ciudad de M\u00e9xico, a 17 de octubre de 2023.- La gira con m\u00edtines masivos de Claudia Sheinbaum, coordinadora de los Comit\u00e9s de Defensa de la Cuarta Transformaci\u00f3n, tendr\u00e1n que ser suspendidos, orden\u00f3 la Comisi\u00f3n de Quejas y Denuncias del Instituto Nacional Electoral (INE).<\/p>\n\n\n\n<p>No obstante, el instituto le permitir\u00e1 a la exjefa de gobierno hacer otro tipo de eventos, siempre y cuando sean en lugares cerrados y sin hacer proselitismo o llamar al voto.<\/p>\n\n\n\n<p>La decisi\u00f3n fue tomada tras las medidas cautelares que solicit\u00f3 Jorge \u00c1lvarez M\u00e1ynez, diputado de Movimiento Ciudadano.<\/p>\n\n\n\n<p>La comisi\u00f3n argument\u00f3 que la coordinadora de la Cuarta Transformaci\u00f3n ha realizado proselitismo en los 18 eventos que ha realizado como parte de la gira.<\/p>\n\n\n\n<p>Por ello, los consejeros ordenaron \u2013por unanimidad\u2013 suspender la gira \u201cLa esperanza nos une\u201d, nos obstante, determinaron que Morena y Sheinbaum pueden realizar los eventos en sitios cerrados, pero solo con militantes y sin llamar al voto.<\/p>\n\n\n\n<p>La tarde de ayer, la exjefa de Gobierno de la Ciudad de M\u00e9xico inform\u00f3 que el Instituto Nacional Electoral les orden\u00f3 bajar 33 publicaciones de las redes sociales.<\/p>\n\n\n\n<p>\u201c\u00bfY la libertad de expresi\u00f3n y de reuni\u00f3n? \u00bfY d\u00f3nde qued\u00f3 la posibilidad de hablar de nuestro movimiento y de nuestro partido? La verdad, una vez m\u00e1s es inconcebible la actuaci\u00f3n de la mayor\u00eda de los consejeros. \u00a1Viva la 4T!\u201d, escribi\u00f3 la mandataria en X.<\/p>\n\n\n\n<p>(Informaci\u00f3n de \u201cExpansi\u00f3n Pol\u00edtica\u201d)<\/p>\n","protected":false},"excerpt":{"rendered":"<p>Redacci\u00f3n\/Zona Roja Cdmx. Ciudad de M\u00e9xico, a 17 de octubre de 2023.- La gira con&hellip;<\/p>\n","protected":false},"author":2,"featured_media":60281,"comment_status":"closed","ping_status":"open","sticky":false,"template":"","format":"standard","meta":{"_lmt_disableupdate":"","_lmt_disable":"","_jetpack_memberships_contains_paid_content":false,"footnotes":""},"categories":[109,47],"tags":[3370],"class_list":["post-61047","post","type-post","status-publish","format-standard","has-post-thumbnail","hentry","category-minuto-a-minuto","category-zona-gris","tag-claudia-sheinbaum"],"jetpack_featured_media_url":"https:\/\/zonaroja.com.mx\/wp-content\/uploads\/2023\/09\/Claudia-Sheinbaum-Oaxaca.jpg","jetpack_sharing_enabled":true,"_links":{"self":[{"href":"https:\/\/zonaroja.com.mx\/index.php?rest_route=\/wp\/v2\/posts\/61047","targetHints":{"allow":["GET"]}}],"collection":[{"href":"https:\/\/zonaroja.com.mx\/index.php?rest_route=\/wp\/v2\/posts"}],"about":[{"href":"https:\/\/zonaroja.com.mx\/index.php?rest_route=\/wp\/v2\/types\/post"}],"author":[{"embeddable":true,"href":"https:\/\/zonaroja.com.mx\/index.php?rest_route=\/wp\/v2\/users\/2"}],"replies":[{"embeddable":true,"href":"https:\/\/zonaroja.com.mx\/index.php?rest_route=%2Fwp%2Fv2%2Fcomments&post=61047"}],"version-history":[{"count":1,"href":"https:\/\/zonaroja.com.mx\/index.php?rest_route=\/wp\/v2\/posts\/61047\/revisions"}],"predecessor-version":[{"id":61048,"href":"https:\/\/zonaroja.com.mx\/index.php?rest_route=\/wp\/v2\/posts\/61047\/revisions\/61048"}],"wp:featuredmedia":[{"embeddable":true,"href":"https:\/\/zonaroja.com.mx\/index.php?rest_route=\/wp\/v2\/media\/60281"}],"wp:attachment":[{"href":"https:\/\/zonaroja.com.mx\/index.php?rest_route=%2Fwp%2Fv2%2Fmedia&parent=61047"}],"wp:term":[{"taxonomy":"category","embeddable":true,"href":"https:\/\/zonaroja.com.mx\/index.php?rest_route=%2Fwp%2Fv2%2Fcategories&post=61047"},{"taxonomy":"post_tag","embeddable":true,"href":"https:\/\/zonaroja.com.mx\/index.php?rest_route=%2Fwp%2Fv2%2Ftags&post=61047"}],"curies":[{"name":"wp","href":"https:\/\/api.w.org\/{rel}","templated":true}]}}