{"id":61053,"date":"2023-10-17T12:30:00","date_gmt":"2023-10-17T17:30:00","guid":{"rendered":"http:\/\/www.zonaroja.com.mx\/?p=61053"},"modified":"2023-10-17T08:25:18","modified_gmt":"2023-10-17T13:25:18","slug":"logra-fiscalia-sentencia-de-tres-anos-contra-deudor-alimentario-en-oaxaca","status":"publish","type":"post","link":"https:\/\/zonaroja.com.mx\/?p=61053","title":{"rendered":"Logra Fiscal\u00eda sentencia de tres a\u00f1os contra deudor alimentario en Oaxaca"},"content":{"rendered":"\n<p>Redacci\u00f3n\/Zona Roja.&nbsp;<\/p>\n\n\n\n<p>Oaxaca de Ju\u00e1rez, Oax., a 17 de octubre de 2023.- Como parte del trabajo integral y con perspectiva de g\u00e9nero que realiza la Fiscal\u00eda General del Estado de Oaxaca (FGEO) a favor de las infancias, se obtuvo sentencia condenatoria en contra de A. R. O. V., responsable del delito de incumplimiento de las obligaciones alimentarias, en agravio de dos ni\u00f1os.&nbsp;&nbsp;&nbsp;&nbsp;&nbsp;&nbsp;&nbsp;&nbsp;&nbsp;&nbsp;&nbsp;&nbsp;<\/p>\n\n\n\n<p>De acuerdo con el expediente penal, desde el 2 de octubre de 2013, la Juez quinto de lo familiar del distrito judicial del Centro, estableci\u00f3 que A. R. O. V., deb\u00eda cumplir con el pago de pensi\u00f3n alimenticia provisional, pero de desde ese momento el ahora sentenciado dej\u00f3 de proporcionar cualquier clase de apoyo econ\u00f3mico para sus dos hijos (menores de edad) que tuvo durante la relaci\u00f3n sostuvo con M. D. T. J., sin que existiese justificaci\u00f3n alguna.<\/p>\n\n\n\n<p>Derivado de la violaci\u00f3n de los derechos de las infancias en este caso, la Fiscal\u00eda de Oaxaca inici\u00f3 las investigaciones pertinentes a trav\u00e9s de la Fiscal\u00eda Especializada para la Atenci\u00f3n a Delitos Contra la Mujer por Raz\u00f3n de G\u00e9nero.<\/p>\n\n\n\n<p>Luego de presentar las pruebas correspondientes ante la Juez que atiende la causa, se dict\u00f3 sentencia condenatoria de tres a\u00f1os de prisi\u00f3n, as\u00ed como el pago de una multa y de otro monto por la reparaci\u00f3n del da\u00f1o a favor de las v\u00edctimas.<\/p>\n\n\n\n<p>Parte del trabajo prioritario que realiza la Fiscal\u00eda de Oaxaca es para garantizar el cumplimiento de los derechos y acceso a una vida digna de las ni\u00f1as, ni\u00f1os y adolescentes.<\/p>\n","protected":false},"excerpt":{"rendered":"<p>Redacci\u00f3n\/Zona Roja.&nbsp; Oaxaca de Ju\u00e1rez, Oax., a 17 de octubre de 2023.- Como parte del&hellip;<\/p>\n","protected":false},"author":2,"featured_media":29367,"comment_status":"closed","ping_status":"open","sticky":false,"template":"","format":"standard","meta":{"_lmt_disableupdate":"","_lmt_disable":"","_jetpack_memberships_contains_paid_content":false,"footnotes":""},"categories":[109,46],"tags":[494],"class_list":["post-61053","post","type-post","status-publish","format-standard","has-post-thumbnail","hentry","category-minuto-a-minuto","category-zona-blanca","tag-fiscalia-general-del-estado-de-oaxaca"],"jetpack_featured_media_url":"https:\/\/zonaroja.com.mx\/wp-content\/uploads\/2021\/07\/Deudores-pension-alimenticia-1.jpeg","jetpack_sharing_enabled":true,"_links":{"self":[{"href":"https:\/\/zonaroja.com.mx\/index.php?rest_route=\/wp\/v2\/posts\/61053","targetHints":{"allow":["GET"]}}],"collection":[{"href":"https:\/\/zonaroja.com.mx\/index.php?rest_route=\/wp\/v2\/posts"}],"about":[{"href":"https:\/\/zonaroja.com.mx\/index.php?rest_route=\/wp\/v2\/types\/post"}],"author":[{"embeddable":true,"href":"https:\/\/zonaroja.com.mx\/index.php?rest_route=\/wp\/v2\/users\/2"}],"replies":[{"embeddable":true,"href":"https:\/\/zonaroja.com.mx\/index.php?rest_route=%2Fwp%2Fv2%2Fcomments&post=61053"}],"version-history":[{"count":1,"href":"https:\/\/zonaroja.com.mx\/index.php?rest_route=\/wp\/v2\/posts\/61053\/revisions"}],"predecessor-version":[{"id":61054,"href":"https:\/\/zonaroja.com.mx\/index.php?rest_route=\/wp\/v2\/posts\/61053\/revisions\/61054"}],"wp:featuredmedia":[{"embeddable":true,"href":"https:\/\/zonaroja.com.mx\/index.php?rest_route=\/wp\/v2\/media\/29367"}],"wp:attachment":[{"href":"https:\/\/zonaroja.com.mx\/index.php?rest_route=%2Fwp%2Fv2%2Fmedia&parent=61053"}],"wp:term":[{"taxonomy":"category","embeddable":true,"href":"https:\/\/zonaroja.com.mx\/index.php?rest_route=%2Fwp%2Fv2%2Fcategories&post=61053"},{"taxonomy":"post_tag","embeddable":true,"href":"https:\/\/zonaroja.com.mx\/index.php?rest_route=%2Fwp%2Fv2%2Ftags&post=61053"}],"curies":[{"name":"wp","href":"https:\/\/api.w.org\/{rel}","templated":true}]}}