{"id":61057,"date":"2023-10-17T13:30:00","date_gmt":"2023-10-17T18:30:00","guid":{"rendered":"http:\/\/www.zonaroja.com.mx\/?p=61057"},"modified":"2023-10-17T08:32:56","modified_gmt":"2023-10-17T13:32:56","slug":"titular-del-poder-judicial-de-oaxaca-se-reune-con-jueces-y-juezas","status":"publish","type":"post","link":"https:\/\/zonaroja.com.mx\/?p=61057","title":{"rendered":"Titular del\u00a0Poder Judicial de Oaxaca se re\u00fane con jueces y juezas"},"content":{"rendered":"\n<p>Redacci\u00f3n\/Zona Roja.<\/p>\n\n\n\n<p>Oaxaca de Ju\u00e1rez, Oax., a 17 de octubre de 2023.- Con la finalidad de fortalecer la administraci\u00f3n de justicia, el titular del Poder Judicial del Estado, magistrado Eduardo Pinacho S\u00e1nchez&nbsp;sostuvo una&nbsp;productiva&nbsp;reuni\u00f3n de trabajo con&nbsp;juezas, jueces y secretarios de los cuatro juzgados de conclusi\u00f3n penal, con quienes revis\u00f3 temas relacionados con su responsabilidad.<\/p>\n\n\n\n<p>Estos encuentros, que se llevan a cabo de manera permanente con las y los juzgadores de las diferentes regiones de la entidad, son una oportunidad para revisar y dar seguimiento a las necesidades y aspectos que desarrollan en beneficio de la sociedad.&nbsp;<\/p>\n\n\n\n<p>Acompa\u00f1ado por el secretario ejecutivo del Consejo de la Judicatura, Jes\u00fas Ezequiel Garc\u00eda L\u00f3pez, el presidente del Tribunal Superior de Justicia intercambi\u00f3 puntos de vista con las y los asistentes&nbsp;para integrar propuestas que mejoren la funci\u00f3n jurisdiccional.<\/p>\n\n\n\n<p>Luego de escuchar sus experiencias e inquietudes&nbsp;les pidi\u00f3 continuar desempe\u00f1\u00e1ndose con responsabilidad, \u00e9tica, imparcialidad y honestidad, a la altura de las exigencias de la sociedad y&nbsp;del modelo&nbsp;de justicia basado en el pleno respeto a los derechos humanos.<\/p>\n\n\n\n<p>El magistrado presidente Pinacho S\u00e1nchez afirm\u00f3 que la instituci\u00f3n se encuentra en un proceso de transformaci\u00f3n para incorporarlo a una realidad en la que se requieren de mayores elementos y mejores condiciones encaminadas a cumplir con las aspiraciones de justicia justificadas.<\/p>\n","protected":false},"excerpt":{"rendered":"<p>Redacci\u00f3n\/Zona Roja. Oaxaca de Ju\u00e1rez, Oax., a 17 de octubre de 2023.- Con la finalidad&hellip;<\/p>\n","protected":false},"author":2,"featured_media":61058,"comment_status":"closed","ping_status":"open","sticky":false,"template":"","format":"standard","meta":{"_lmt_disableupdate":"","_lmt_disable":"","_jetpack_memberships_contains_paid_content":false,"footnotes":""},"categories":[109,46],"tags":[223],"class_list":["post-61057","post","type-post","status-publish","format-standard","has-post-thumbnail","hentry","category-minuto-a-minuto","category-zona-blanca","tag-poder-judicial-de-oaxaca"],"jetpack_featured_media_url":"https:\/\/zonaroja.com.mx\/wp-content\/uploads\/2023\/10\/Dialogo-permanente-con-las-y-los-jueces.jpg","jetpack_sharing_enabled":true,"_links":{"self":[{"href":"https:\/\/zonaroja.com.mx\/index.php?rest_route=\/wp\/v2\/posts\/61057","targetHints":{"allow":["GET"]}}],"collection":[{"href":"https:\/\/zonaroja.com.mx\/index.php?rest_route=\/wp\/v2\/posts"}],"about":[{"href":"https:\/\/zonaroja.com.mx\/index.php?rest_route=\/wp\/v2\/types\/post"}],"author":[{"embeddable":true,"href":"https:\/\/zonaroja.com.mx\/index.php?rest_route=\/wp\/v2\/users\/2"}],"replies":[{"embeddable":true,"href":"https:\/\/zonaroja.com.mx\/index.php?rest_route=%2Fwp%2Fv2%2Fcomments&post=61057"}],"version-history":[{"count":1,"href":"https:\/\/zonaroja.com.mx\/index.php?rest_route=\/wp\/v2\/posts\/61057\/revisions"}],"predecessor-version":[{"id":61059,"href":"https:\/\/zonaroja.com.mx\/index.php?rest_route=\/wp\/v2\/posts\/61057\/revisions\/61059"}],"wp:featuredmedia":[{"embeddable":true,"href":"https:\/\/zonaroja.com.mx\/index.php?rest_route=\/wp\/v2\/media\/61058"}],"wp:attachment":[{"href":"https:\/\/zonaroja.com.mx\/index.php?rest_route=%2Fwp%2Fv2%2Fmedia&parent=61057"}],"wp:term":[{"taxonomy":"category","embeddable":true,"href":"https:\/\/zonaroja.com.mx\/index.php?rest_route=%2Fwp%2Fv2%2Fcategories&post=61057"},{"taxonomy":"post_tag","embeddable":true,"href":"https:\/\/zonaroja.com.mx\/index.php?rest_route=%2Fwp%2Fv2%2Ftags&post=61057"}],"curies":[{"name":"wp","href":"https:\/\/api.w.org\/{rel}","templated":true}]}}