{"id":61067,"date":"2023-10-17T17:47:23","date_gmt":"2023-10-17T22:47:23","guid":{"rendered":"http:\/\/www.zonaroja.com.mx\/?p=61067"},"modified":"2023-10-17T17:52:07","modified_gmt":"2023-10-17T22:52:07","slug":"inician-procedimiento-para-quitar-notaria-a-alejandro-nassar-pineyro","status":"publish","type":"post","link":"https:\/\/zonaroja.com.mx\/?p=61067","title":{"rendered":"Inician procedimiento para quitar notar\u00eda a Alejandro Nassar Pi\u00f1eyro"},"content":{"rendered":"\n<p>Ismael Garc\u00eda M.\/Zona Roja.<\/p>\n\n\n\n<p>Oaxaca de Ju\u00e1rez, Oax., a 17 de octubre de 2023.- El gobierno de Salom\u00f3n Jara Cruz determin\u00f3 la suspensi\u00f3n provisional de la notar\u00eda otorgada a Alejandro Nassar Pi\u00f1eyro, quien fuera secretario particular de Alejandro Murat Hinojosa, en el sexenio anterior.<\/p>\n\n\n\n<p>Ello ser\u00eda el comienzo del retiro de dicha patente, con n\u00famero 15, confirmaron fuentes de la administraci\u00f3n que encabeza el morenista.<\/p>\n\n\n\n<p>La suspensi\u00f3n se determin\u00f3 por irregularidades corroboradas, en la entrega expr\u00e9s que hizo el ex mandatario priista en los \u00faltimos d\u00edas de su gobierno; tras ello, ser\u00e1 la Direcci\u00f3n de Notar\u00edas la que contin\u00fae el procedimiento para revisar a fondo el expediente y proceder a la cancelaci\u00f3n definitiva del fiat.<\/p>\n\n\n\n<p>Nassar Pi\u00f1eyro fue notificado este mi\u00e9rcoles por parte de personal de la Direcci\u00f3n General de Notar\u00edas, en el despacho ubicado en la calle San Mart\u00edn n\u00famero 102 del centro de la ciudad de Oaxaca.<\/p>\n\n\n\n<p>El ex secretario particular de Murat Hinojosa no se hallaba en el domicilio citado pero la autoridad notarial dio por entregada el acta de notificaci\u00f3n de suspensi\u00f3n de las actuaciones notariales.<\/p>\n\n\n\n<p>Este ser\u00eda el inicio de la cancelaci\u00f3n de otros fiats otorgados por el entonces mandatario priista en los \u00faltimos d\u00edas de su gesti\u00f3n, pese a que, seg\u00fan revel\u00f3 en su momento Jara Cruz, hab\u00eda el acuerdo de que no se dar\u00edan ni notar\u00edas ni concesiones de transporte al final del sexenio.<\/p>\n\n\n\n<p>Entre los otros beneficiados, seg\u00fan se dio a conocer a finales del a\u00f1o pasado, est\u00e1n Ram\u00f3n Vel\u00e1squez Chagoya, Sandra Berenice Ram\u00edrez, Tom\u00e1s Gonz\u00e1lez Ilescas, Mar\u00eda Ivonne Hampshire y Carlos Alberto Ramos Arag\u00f3n,  por mencionar algunos.<\/p>\n","protected":false},"excerpt":{"rendered":"<p>Ismael Garc\u00eda M.\/Zona Roja. Oaxaca de Ju\u00e1rez, Oax., a 17 de octubre de 2023.- El&hellip;<\/p>\n","protected":false},"author":2,"featured_media":61068,"comment_status":"closed","ping_status":"open","sticky":false,"template":"","format":"standard","meta":{"_lmt_disableupdate":"","_lmt_disable":"","_jetpack_memberships_contains_paid_content":false,"footnotes":""},"categories":[109,47],"tags":[1703],"class_list":["post-61067","post","type-post","status-publish","format-standard","has-post-thumbnail","hentry","category-minuto-a-minuto","category-zona-gris","tag-alejandro-nassar-pineyro"],"jetpack_featured_media_url":"https:\/\/zonaroja.com.mx\/wp-content\/uploads\/2023\/10\/Notaria-Alejandro-Nassar-Pineyro.jpg","jetpack_sharing_enabled":true,"_links":{"self":[{"href":"https:\/\/zonaroja.com.mx\/index.php?rest_route=\/wp\/v2\/posts\/61067","targetHints":{"allow":["GET"]}}],"collection":[{"href":"https:\/\/zonaroja.com.mx\/index.php?rest_route=\/wp\/v2\/posts"}],"about":[{"href":"https:\/\/zonaroja.com.mx\/index.php?rest_route=\/wp\/v2\/types\/post"}],"author":[{"embeddable":true,"href":"https:\/\/zonaroja.com.mx\/index.php?rest_route=\/wp\/v2\/users\/2"}],"replies":[{"embeddable":true,"href":"https:\/\/zonaroja.com.mx\/index.php?rest_route=%2Fwp%2Fv2%2Fcomments&post=61067"}],"version-history":[{"count":2,"href":"https:\/\/zonaroja.com.mx\/index.php?rest_route=\/wp\/v2\/posts\/61067\/revisions"}],"predecessor-version":[{"id":61070,"href":"https:\/\/zonaroja.com.mx\/index.php?rest_route=\/wp\/v2\/posts\/61067\/revisions\/61070"}],"wp:featuredmedia":[{"embeddable":true,"href":"https:\/\/zonaroja.com.mx\/index.php?rest_route=\/wp\/v2\/media\/61068"}],"wp:attachment":[{"href":"https:\/\/zonaroja.com.mx\/index.php?rest_route=%2Fwp%2Fv2%2Fmedia&parent=61067"}],"wp:term":[{"taxonomy":"category","embeddable":true,"href":"https:\/\/zonaroja.com.mx\/index.php?rest_route=%2Fwp%2Fv2%2Fcategories&post=61067"},{"taxonomy":"post_tag","embeddable":true,"href":"https:\/\/zonaroja.com.mx\/index.php?rest_route=%2Fwp%2Fv2%2Ftags&post=61067"}],"curies":[{"name":"wp","href":"https:\/\/api.w.org\/{rel}","templated":true}]}}