{"id":6107,"date":"2019-11-26T22:16:35","date_gmt":"2019-11-27T04:16:35","guid":{"rendered":"http:\/\/www.zonaroja.com.mx\/?p=6107"},"modified":"2019-11-26T22:16:38","modified_gmt":"2019-11-27T04:16:38","slug":"caso-maria-del-sol-muestra-de-la-impunidad-en-oaxaca-por-feminicidios","status":"publish","type":"post","link":"https:\/\/zonaroja.com.mx\/?p=6107","title":{"rendered":"Caso Mar\u00eda del Sol, muestra de la impunidad en Oaxaca por feminicidios"},"content":{"rendered":"\n<p>Evlin\nArag\u00f3n\/Zona Roja.<\/p>\n\n\n\n<p>Oaxaca de\nJu\u00e1rez, Oax., 26 de noviembre de 2019.- A punto de cumplirse 18 meses del\nasesinato de la fotoperiodista Mar\u00eda del Sol Cruz Jarqu\u00edn, la madre de la joven\ny periodista oaxaque\u00f1a, Soledad Jarqu\u00edn Edgar, insisti\u00f3 en los niveles de\nimpunidad que se han generado alrededor del caso y exigi\u00f3 como desde hace meses\njusticia para su hija.&nbsp; <\/p>\n\n\n\n<p>Para lo\nanterior, dijo, es necesaria la destituci\u00f3n de Rub\u00e9n Vasconcelos M\u00e9ndez como\ntitular de la Fiscal\u00eda General de Justicia del Estado, dado que ha guardado en\nla gaveta un expediente que pudiera marcar un antecedente en el pa\u00eds en la\nsanci\u00f3n de feminicidios y delitos electorales.<\/p>\n\n\n\n<p>\u201cHan\nguardado un expediente que pudiera ya haber sentado precedente en este pa\u00eds; me\nrefiero al expediente penal electoral. Me han sacado incluso de la posibilidad\nde seguir dando seguimiento a ese expediente bajo el pretexto de que es un\ndelito electoral y que como ciudadana no tengo ninguna posibilidad porque no\nsoy v\u00edctima directa\u201d, dijo.<\/p>\n\n\n\n<p>La\nperiodista particip\u00f3 en la presentaci\u00f3n del informe ciudadano \u201cLa Historia no\nolvida. Violencia feminicida en Oaxaca\u201d, en donde escribe un art\u00edculo titulado\n\u201cHasta que la justicia llegue\u201d en el que narra desde el momento en que se\nenter\u00f3 del asesinato de su hija, hasta la cadena de complicidad e impunidad que\nmantienen las instancias de procuraci\u00f3n de justicia en la entidad. <\/p>\n\n\n\n<p>Jarqu\u00edn\nEdgar solicit\u00f3 al Congreso local iniciar el juicio pol\u00edtico en contra del\nfiscal, ya que existe una resoluci\u00f3n emitida por el Tribunal Superior de\nJusticia del Estado de Oaxaca que reafirma la negligencia y deficiencia con la\nque se realiz\u00f3 la investigaci\u00f3n del caso al no realizarse desde la perspectiva\nde g\u00e9nero e ignorando los contextos de violencia pol\u00edtica y feminicidio. <\/p>\n\n\n\n<p>Dicha\nresoluci\u00f3n incluso le recomienda capacitar a sus agentes ministeriales en\nderechos humanos con perspectiva de g\u00e9nero y exhorta y sugiere al fiscal\ngeneral que sancione administrativa y penalmente a quienes intervinieron en la\ninvestigaci\u00f3n.<\/p>\n\n\n\n<p>\u201cQueremos a\nlos responsables intelectuales de este triple asesinato; hay una resoluci\u00f3n del\nTribunal que habla sobre la negligente actuaci\u00f3n de la Fiscal\u00eda en el caso\nespec\u00edficamente del homicidio, quiere decir que la Fiscal\u00eda no hizo bien su\ntrabajo\u201d, sentenci\u00f3.<\/p>\n\n\n\n<p>Mientras que\nal gobernador del estado, Alejandro Murat Hinojosa, pidi\u00f3 \u201cde favor\u201d&nbsp; remover a Ana V\u00e1squez Colmenares de la\nSecretar\u00eda de las Mujeres, ya que hasta la fecha 368 mujeres han pagado con su\nvida la falta de acciones contundentes para prevenir, atender, sancionar y\nerradicar la violencia de g\u00e9nero y feminicida como lo establece la ley. <\/p>\n\n\n\n<p>\u201cNo puede\nser que nos siga costando tantas vidas. 368 mujeres asesinadas, m\u00e1s de las\npersonas que estamos aqu\u00ed presentes&nbsp; para\nque dimensionemos el tama\u00f1o de la ofensa que nos est\u00e1n haciendo pasar estos\ngobiernos\u201d, dijo.<\/p>\n\n\n\n<p>Finalmente,\nlament\u00f3 que la impunidad y omisi\u00f3n sigan siendo una constante en el gobierno\nactual, prueba de ello es la falta de justicia en el triple asesinato en el que\n\u00e9sta perdi\u00f3 la vida su hija, la madrugada del 2 de junio de 2017 en la ciudad\nde Juchit\u00e1n de Zaragoza.<\/p>\n\n\n\n<p>\u201cY quiero\ndecirles que no ha pasado nada con la justicia, que lo que dijeron aqu\u00ed en\nrelaci\u00f3n con la impunidad y con la necesaria, vital e indispensable -para la\nsociedad oaxaque\u00f1a- salida del Fiscal Rub\u00e9n Vasconcelos M\u00e9ndez tiene sustento\nen casos concretos como el de Mar\u00eda del Sol\u201d, concluy\u00f3.<\/p>\n","protected":false},"excerpt":{"rendered":"<p>Evlin Arag\u00f3n\/Zona Roja. Oaxaca de Ju\u00e1rez, Oax., 26 de noviembre de 2019.- A punto de&hellip;<\/p>\n","protected":false},"author":2,"featured_media":2772,"comment_status":"closed","ping_status":"open","sticky":false,"template":"","format":"standard","meta":{"_lmt_disableupdate":"","_lmt_disable":"","_jetpack_memberships_contains_paid_content":false,"footnotes":""},"categories":[109,51],"tags":[1059,170],"class_list":["post-6107","post","type-post","status-publish","format-standard","has-post-thumbnail","hentry","category-minuto-a-minuto","category-zona-roja","tag-maria-del-sol-cruz-jarquin","tag-ruben-vasconcelos-mendez"],"jetpack_featured_media_url":"https:\/\/zonaroja.com.mx\/wp-content\/uploads\/2019\/08\/Mar\u00eda-del-Sol-Cruz-Jarqu\u00edn-1.jpg","jetpack_sharing_enabled":true,"_links":{"self":[{"href":"https:\/\/zonaroja.com.mx\/index.php?rest_route=\/wp\/v2\/posts\/6107","targetHints":{"allow":["GET"]}}],"collection":[{"href":"https:\/\/zonaroja.com.mx\/index.php?rest_route=\/wp\/v2\/posts"}],"about":[{"href":"https:\/\/zonaroja.com.mx\/index.php?rest_route=\/wp\/v2\/types\/post"}],"author":[{"embeddable":true,"href":"https:\/\/zonaroja.com.mx\/index.php?rest_route=\/wp\/v2\/users\/2"}],"replies":[{"embeddable":true,"href":"https:\/\/zonaroja.com.mx\/index.php?rest_route=%2Fwp%2Fv2%2Fcomments&post=6107"}],"version-history":[{"count":1,"href":"https:\/\/zonaroja.com.mx\/index.php?rest_route=\/wp\/v2\/posts\/6107\/revisions"}],"predecessor-version":[{"id":6108,"href":"https:\/\/zonaroja.com.mx\/index.php?rest_route=\/wp\/v2\/posts\/6107\/revisions\/6108"}],"wp:featuredmedia":[{"embeddable":true,"href":"https:\/\/zonaroja.com.mx\/index.php?rest_route=\/wp\/v2\/media\/2772"}],"wp:attachment":[{"href":"https:\/\/zonaroja.com.mx\/index.php?rest_route=%2Fwp%2Fv2%2Fmedia&parent=6107"}],"wp:term":[{"taxonomy":"category","embeddable":true,"href":"https:\/\/zonaroja.com.mx\/index.php?rest_route=%2Fwp%2Fv2%2Fcategories&post=6107"},{"taxonomy":"post_tag","embeddable":true,"href":"https:\/\/zonaroja.com.mx\/index.php?rest_route=%2Fwp%2Fv2%2Ftags&post=6107"}],"curies":[{"name":"wp","href":"https:\/\/api.w.org\/{rel}","templated":true}]}}