{"id":61075,"date":"2023-10-17T21:24:25","date_gmt":"2023-10-18T02:24:25","guid":{"rendered":"http:\/\/www.zonaroja.com.mx\/?p=61075"},"modified":"2023-10-17T21:55:41","modified_gmt":"2023-10-18T02:55:41","slug":"ultiman-a-balazos-a-ex-funcionario-de-ejutla-indagan-tintes-politicos","status":"publish","type":"post","link":"https:\/\/zonaroja.com.mx\/?p=61075","title":{"rendered":"Ultiman a balazos a ex funcionario de Ejutla; indagan tintes pol\u00edticos"},"content":{"rendered":"\n<p>Redacci\u00f3n\/Zona Roja.<\/p>\n\n\n\n<p>Oaxaca de Ju\u00e1rez, Oax., a 17 de octubre de 2023.- Un ex funcionario municipal fue ultimado a balazos la tarde de este martes en Ejutla de Crespo, municipio de la regi\u00f3n Valles Centrales de Oaxaca.<\/p>\n\n\n\n<p>La v\u00edctima, Ra\u00fal \u201cN\u201d, labor\u00f3 con el entonces presidente municipal Pedro Peralta Espinoza y algunas de las l\u00edneas de investigaci\u00f3n de la Fiscal\u00eda General del Estado es de l\u00edos pol\u00edticos con la actual administraci\u00f3n local y narcomenudeo.<\/p>\n\n\n\n<p>El hombre fue ultimado a balazos alrededor de las 13:00 horas en la calle Porfirio D\u00edaz, junto a un taller de bicicletas, por parte de sujetos armados que pudieron darse a la fuga, a falta de vigilancia policiaca municipal en la zona.<\/p>\n\n\n\n<p>En el lugar tambi\u00e9n result\u00f3 lesionado un individuo de nombre Edmundo Jos\u00e9 F. B., quien fue llevado a un hospital; a\u00fan se ignora el m\u00f3vil del ataque, que ya indaga la Fiscal\u00eda General del Estado.<\/p>\n\n\n\n<p>EN JAMILTEPEC<\/p>\n\n\n\n<p>Por otra parte, en Santiago Jamiltepec, municipio de la regi\u00f3n Costa del estado, en dos hechos distintos fueron ultimadas dos personas.<\/p>\n\n\n\n<p>Un crimen ocurri\u00f3 en la localidad de Emiliano Zapata, donde privaron de la vida a Mart\u00edn L. R., de aproximadamente 37 a\u00f1os de edad, presuntamente con un machete; la v\u00edctima fue identificada por su esposa.<\/p>\n\n\n\n<p>Mientras que en la poblaci\u00f3n de San Jos\u00e9 de las Flores Mag\u00f3n fue asesinado por disparos de arma de fuego el se\u00f1or Ismael C. G., de 74 a\u00f1os de edad, cuyo cuerpo se hall\u00f3 en el interior de su domicilio.<\/p>\n\n\n\n<p>En ambos casos, la Vicefiscal\u00eda Regional de la Costa inici\u00f3 las indagatorias correspondientes.<\/p>\n","protected":false},"excerpt":{"rendered":"<p>Redacci\u00f3n\/Zona Roja. Oaxaca de Ju\u00e1rez, Oax., a 17 de octubre de 2023.- Un ex funcionario&hellip;<\/p>\n","protected":false},"author":2,"featured_media":61076,"comment_status":"closed","ping_status":"open","sticky":false,"template":"","format":"standard","meta":{"_lmt_disableupdate":"","_lmt_disable":"","_jetpack_memberships_contains_paid_content":false,"footnotes":""},"categories":[109,51],"tags":[702],"class_list":["post-61075","post","type-post","status-publish","format-standard","has-post-thumbnail","hentry","category-minuto-a-minuto","category-zona-roja","tag-ejutla-de-crespo"],"jetpack_featured_media_url":"https:\/\/zonaroja.com.mx\/wp-content\/uploads\/2023\/10\/Asesinado-Ejutla-de-Crespo.jpg","jetpack_sharing_enabled":true,"_links":{"self":[{"href":"https:\/\/zonaroja.com.mx\/index.php?rest_route=\/wp\/v2\/posts\/61075","targetHints":{"allow":["GET"]}}],"collection":[{"href":"https:\/\/zonaroja.com.mx\/index.php?rest_route=\/wp\/v2\/posts"}],"about":[{"href":"https:\/\/zonaroja.com.mx\/index.php?rest_route=\/wp\/v2\/types\/post"}],"author":[{"embeddable":true,"href":"https:\/\/zonaroja.com.mx\/index.php?rest_route=\/wp\/v2\/users\/2"}],"replies":[{"embeddable":true,"href":"https:\/\/zonaroja.com.mx\/index.php?rest_route=%2Fwp%2Fv2%2Fcomments&post=61075"}],"version-history":[{"count":2,"href":"https:\/\/zonaroja.com.mx\/index.php?rest_route=\/wp\/v2\/posts\/61075\/revisions"}],"predecessor-version":[{"id":61079,"href":"https:\/\/zonaroja.com.mx\/index.php?rest_route=\/wp\/v2\/posts\/61075\/revisions\/61079"}],"wp:featuredmedia":[{"embeddable":true,"href":"https:\/\/zonaroja.com.mx\/index.php?rest_route=\/wp\/v2\/media\/61076"}],"wp:attachment":[{"href":"https:\/\/zonaroja.com.mx\/index.php?rest_route=%2Fwp%2Fv2%2Fmedia&parent=61075"}],"wp:term":[{"taxonomy":"category","embeddable":true,"href":"https:\/\/zonaroja.com.mx\/index.php?rest_route=%2Fwp%2Fv2%2Fcategories&post=61075"},{"taxonomy":"post_tag","embeddable":true,"href":"https:\/\/zonaroja.com.mx\/index.php?rest_route=%2Fwp%2Fv2%2Ftags&post=61075"}],"curies":[{"name":"wp","href":"https:\/\/api.w.org\/{rel}","templated":true}]}}