{"id":61084,"date":"2023-10-17T23:04:44","date_gmt":"2023-10-18T04:04:44","guid":{"rendered":"http:\/\/www.zonaroja.com.mx\/?p=61084"},"modified":"2023-10-17T23:30:09","modified_gmt":"2023-10-18T04:30:09","slug":"vive-oaxaca-otra-jornada-de-desquiciantes-bloqueos-y-protestas","status":"publish","type":"post","link":"https:\/\/zonaroja.com.mx\/?p=61084","title":{"rendered":"Vive Oaxaca otra jornada de desquiciantes bloqueos y protestas"},"content":{"rendered":"\n<p>Ismael Garc\u00eda M.\/Zona Roja.<\/p>\n\n\n\n<p>Oaxaca de Ju\u00e1rez, Oax., a 17 de octubre de 2023.- Por segundo d\u00eda consecutivo en la semana, Oaxaca vivi\u00f3 otra jornada de intensos de protestas y bloqueos, en la capital y el interior del estado.<\/p>\n\n\n\n<p>Desde temprana hora, militantes de la Asamblea de Pueblos Ind\u00edgenas (API) inici\u00f3 su jornada de movilizaciones, anunciada desde ayer, con el cierre de la carretera federal 190 Oaxaca-Istmo, cerca del crucero a San Francisco Lachigol\u00f3.<\/p>\n\n\n\n<p>La misma acci\u00f3n repiti\u00f3 en diversos puntos de las regiones Mixteca, Ca\u00f1ada y Costa, con la finalidad de exigir al Gobierno del Estado de Oaxaca la atenci\u00f3n a diversas problem\u00e1ticas, entre ellas servicios de salud \u201ca comunidades en completo abandono\u201d, adem\u00e1s de apoyo a centros educativos y al campo.<\/p>\n\n\n\n<p>Despu\u00e9s de las 18:00 horas fueron retirados los bloqueos pero los integrantes amagaron con repetir la acci\u00f3n este mi\u00e9rcoles.<\/p>\n\n\n\n<p>Mientras tanto, la organizaci\u00f3n Movimiento de Unificaci\u00f3n y Lucha Triqui cerr\u00f3 la calle Eucaliptos de la colonia Reforma, donde se localizan oficinas del Instituto Estatal de Educaci\u00f3n P\u00fablica de Oaxaca (IEEPO).<\/p>\n\n\n\n<p>Lo anterior para exigir el pago a docentes que ellos contrataron para atender a poblaci\u00f3n ind\u00edgena de esa parte de la regi\u00f3n Mixteca, as\u00ed como la basificaci\u00f3n de al menos 42 maestros.<\/p>\n\n\n\n<p>A falta de respuestas del titular del IEEPO, Emilio Montero P\u00e9rez, y pese al arribo de personal de la Secretar\u00eda de Gobierno, los manifestantes y sus dirigentes cerraron por varias horas la calzada H\u00e9roes de Chapultepec esquina con Emilio Carranza.<\/p>\n\n\n\n<p>La movilizaci\u00f3n fue retirada despu\u00e9s de las 13:00 horas, luego de instalarse una mesa de trabajo. Hasta el momento no se han dado a conocer los acuerdos alcanzados.<\/p>\n\n\n\n<p>Otra movilizaci\u00f3n en la ciudad de Oaxaca ocurri\u00f3 en la avenida Ju\u00e1rez, frente al parque \u201cEl Llano\u201d, por parte de trabajadores del Poder Judicial de la Federaci\u00f3n, que cerraron por unas horas la vialidad. <\/p>\n","protected":false},"excerpt":{"rendered":"<p>Ismael Garc\u00eda M.\/Zona Roja. Oaxaca de Ju\u00e1rez, Oax., a 17 de octubre de 2023.- Por&hellip;<\/p>\n","protected":false},"author":2,"featured_media":61085,"comment_status":"closed","ping_status":"open","sticky":false,"template":"","format":"standard","meta":{"_lmt_disableupdate":"","_lmt_disable":"","_jetpack_memberships_contains_paid_content":false,"footnotes":""},"categories":[109,47],"tags":[2264],"class_list":["post-61084","post","type-post","status-publish","format-standard","has-post-thumbnail","hentry","category-minuto-a-minuto","category-zona-gris","tag-bloqueos-y-protestas-oaxaca"],"jetpack_featured_media_url":"https:\/\/zonaroja.com.mx\/wp-content\/uploads\/2023\/10\/Bloqueo-MULT-oficinas-del-IEEPO.jpg","jetpack_sharing_enabled":true,"_links":{"self":[{"href":"https:\/\/zonaroja.com.mx\/index.php?rest_route=\/wp\/v2\/posts\/61084","targetHints":{"allow":["GET"]}}],"collection":[{"href":"https:\/\/zonaroja.com.mx\/index.php?rest_route=\/wp\/v2\/posts"}],"about":[{"href":"https:\/\/zonaroja.com.mx\/index.php?rest_route=\/wp\/v2\/types\/post"}],"author":[{"embeddable":true,"href":"https:\/\/zonaroja.com.mx\/index.php?rest_route=\/wp\/v2\/users\/2"}],"replies":[{"embeddable":true,"href":"https:\/\/zonaroja.com.mx\/index.php?rest_route=%2Fwp%2Fv2%2Fcomments&post=61084"}],"version-history":[{"count":2,"href":"https:\/\/zonaroja.com.mx\/index.php?rest_route=\/wp\/v2\/posts\/61084\/revisions"}],"predecessor-version":[{"id":61089,"href":"https:\/\/zonaroja.com.mx\/index.php?rest_route=\/wp\/v2\/posts\/61084\/revisions\/61089"}],"wp:featuredmedia":[{"embeddable":true,"href":"https:\/\/zonaroja.com.mx\/index.php?rest_route=\/wp\/v2\/media\/61085"}],"wp:attachment":[{"href":"https:\/\/zonaroja.com.mx\/index.php?rest_route=%2Fwp%2Fv2%2Fmedia&parent=61084"}],"wp:term":[{"taxonomy":"category","embeddable":true,"href":"https:\/\/zonaroja.com.mx\/index.php?rest_route=%2Fwp%2Fv2%2Fcategories&post=61084"},{"taxonomy":"post_tag","embeddable":true,"href":"https:\/\/zonaroja.com.mx\/index.php?rest_route=%2Fwp%2Fv2%2Ftags&post=61084"}],"curies":[{"name":"wp","href":"https:\/\/api.w.org\/{rel}","templated":true}]}}