{"id":61090,"date":"2023-10-18T07:45:58","date_gmt":"2023-10-18T12:45:58","guid":{"rendered":"http:\/\/www.zonaroja.com.mx\/?p=61090"},"modified":"2023-10-18T07:46:00","modified_gmt":"2023-10-18T12:46:00","slug":"ejecutan-a-lider-de-autodefensas-y-a-su-chofer-en-guerrero","status":"publish","type":"post","link":"https:\/\/zonaroja.com.mx\/?p=61090","title":{"rendered":"Ejecutan a l\u00edder de autodefensas y a su chofer en Guerrero"},"content":{"rendered":"\n<p>Redacci\u00f3n\/Zona Roja Cdmx.<\/p>\n\n\n\n<p>Ciudad de M\u00e9xico a 18 de octubre de 2023.- El fundador y coordinador estatal de la Uni\u00f3n de Pueblos y Organizaciones del Estado de Guerrero (UPOEG), Bruno Pl\u00e1cido Valerio, y su asistente, fueron ejecutados la tarde de ayer a la entrada de la Secretar\u00eda de Salud estatal, en el sur de la ciudad de Chilpancingo, donde se reunir\u00eda con la titular del ramo, Aid\u00e9 Ibarez Castro, reportaron autoridades.<\/p>\n\n\n\n<p>El ataque contra el dirigente social de origen mixteco, de 56 a\u00f1os de edad, y su chofer se perpetr\u00f3 alrededor de las 17:00 horas. Durante el gobierno del pri\u00edsta H\u00e9ctor Astudillo Flores (2015-2021), Bruno Pl\u00e1cido gozaba de medidas cautelares que inclu\u00edan una escolta de la polic\u00eda estatal y una camioneta blindada, pero ya no contaba con ese beneficio.<\/p>\n\n\n\n<p>Pl\u00e1cido Valerio estaba amenazado por la mayor\u00eda de los grupos delincuenciales que operan en Guerrero, como \u201cLos Tlacos\u201d, \u201cLos Ardillos\u201d, \u201cLos Rusos\u201d y el c\u00e1rtel Independiente de Acapulco.<\/p>\n\n\n\n<p>En los dos a\u00f1os recientes, los principales l\u00edderes de la UPOEG han sido asesinados, entre ellos Ernesto Gallardo Grande, el \u201cComandante Maganda\u201d, el dirigente de la Coordinadora Estatal de Trabajadores de la Educaci\u00f3n en Guerrero (CETEG) Mario Zamora, y apenas el pasado domingo, Juan Carlos Gonz\u00e1lez Olivar, en el municipio de San Marcos.<\/p>\n\n\n\n<p>Bruno Pl\u00e1cido fue uno de los fundadores de la Coordinadora Regional de Autoridades Comunitarias-Polic\u00eda Comunitaria (CRAC-PC) en 1995. Despu\u00e9s, junto con su hermano Cirino Pl\u00e1cido (fallecido en 2019) y Apolonio Cruz Rosa, fue expulsado de la organizaci\u00f3n por el coordinador, Eliseo Villar Castillo.<\/p>\n\n\n\n<p>En enero de 2013, Bruno y Cirino Pl\u00e1cido formaron la UPOEG para dedicarse al principio a la gesti\u00f3n social en las comunidades ind\u00edgenas y despu\u00e9s como grupo civil armado para enfrentar al crimen organizado en los municipios de Ayutla de los Libres, Tecoanapa y Florencio Villarreal, en la Costa Chica, as\u00ed como en poblados de las regiones Monta\u00f1a y Centro. Adem\u00e1s, extendieron su presencia hacia la zona rural de Acapulco, Chilpancingo, Petatl\u00e1n y Leonardo Bravo.<\/p>\n\n\n\n<p>(Informaci\u00f3n de \u201cLa Jornada\u201d)<\/p>\n","protected":false},"excerpt":{"rendered":"<p>Redacci\u00f3n\/Zona Roja Cdmx. Ciudad de M\u00e9xico a 18 de octubre de 2023.- El fundador y&hellip;<\/p>\n","protected":false},"author":2,"featured_media":61091,"comment_status":"closed","ping_status":"open","sticky":false,"template":"","format":"standard","meta":{"_lmt_disableupdate":"","_lmt_disable":"","_jetpack_memberships_contains_paid_content":false,"footnotes":""},"categories":[109,51],"tags":[3706],"class_list":["post-61090","post","type-post","status-publish","format-standard","has-post-thumbnail","hentry","category-minuto-a-minuto","category-zona-roja","tag-bruno-placido-valerio"],"jetpack_featured_media_url":"https:\/\/zonaroja.com.mx\/wp-content\/uploads\/2023\/10\/Bruno-Placido-Valerio-UPOEG-Guerrero.gif","jetpack_sharing_enabled":true,"_links":{"self":[{"href":"https:\/\/zonaroja.com.mx\/index.php?rest_route=\/wp\/v2\/posts\/61090","targetHints":{"allow":["GET"]}}],"collection":[{"href":"https:\/\/zonaroja.com.mx\/index.php?rest_route=\/wp\/v2\/posts"}],"about":[{"href":"https:\/\/zonaroja.com.mx\/index.php?rest_route=\/wp\/v2\/types\/post"}],"author":[{"embeddable":true,"href":"https:\/\/zonaroja.com.mx\/index.php?rest_route=\/wp\/v2\/users\/2"}],"replies":[{"embeddable":true,"href":"https:\/\/zonaroja.com.mx\/index.php?rest_route=%2Fwp%2Fv2%2Fcomments&post=61090"}],"version-history":[{"count":1,"href":"https:\/\/zonaroja.com.mx\/index.php?rest_route=\/wp\/v2\/posts\/61090\/revisions"}],"predecessor-version":[{"id":61092,"href":"https:\/\/zonaroja.com.mx\/index.php?rest_route=\/wp\/v2\/posts\/61090\/revisions\/61092"}],"wp:featuredmedia":[{"embeddable":true,"href":"https:\/\/zonaroja.com.mx\/index.php?rest_route=\/wp\/v2\/media\/61091"}],"wp:attachment":[{"href":"https:\/\/zonaroja.com.mx\/index.php?rest_route=%2Fwp%2Fv2%2Fmedia&parent=61090"}],"wp:term":[{"taxonomy":"category","embeddable":true,"href":"https:\/\/zonaroja.com.mx\/index.php?rest_route=%2Fwp%2Fv2%2Fcategories&post=61090"},{"taxonomy":"post_tag","embeddable":true,"href":"https:\/\/zonaroja.com.mx\/index.php?rest_route=%2Fwp%2Fv2%2Ftags&post=61090"}],"curies":[{"name":"wp","href":"https:\/\/api.w.org\/{rel}","templated":true}]}}