{"id":61093,"date":"2023-10-18T09:30:00","date_gmt":"2023-10-18T14:30:00","guid":{"rendered":"http:\/\/www.zonaroja.com.mx\/?p=61093"},"modified":"2023-10-18T08:06:11","modified_gmt":"2023-10-18T13:06:11","slug":"aprueba-el-congreso-extincion-de-fideicomisos-del-poder-judicial","status":"publish","type":"post","link":"https:\/\/zonaroja.com.mx\/?p=61093","title":{"rendered":"Aprueba el Congreso extinci\u00f3n de fideicomisos del Poder Judicial"},"content":{"rendered":"\n<p>Redacci\u00f3n\/Zona Roja Cdmx.<\/p>\n\n\n\n<p>Ciudad de M\u00e9xico, a 18 de octubre de 2023.- La C\u00e1mara de Diputados aprob\u00f3 anoche, con el voto de Morena y sus aliados, las reformas por las que se extinguir\u00e1n 13 de 14 fideicomisos del Poder Judicial Federal.<\/p>\n\n\n\n<p>En pro de las reformas por las que el gobierno federal podr\u00e1 disponer de 15,000 millones de pesos contemplados en esos fondos se registraron 259 votos a favor, pero tuvo 205 votos en contra y se registr\u00f3 una abstenci\u00f3n, del diputado Javier L\u00f3pez Casar\u00edn, del PVEM y af\u00edn a Marcelo Ebrard.<\/p>\n\n\n\n<p>Se registraron 69 reservas para la discusi\u00f3n en lo particular del dictamen por el que se adiciona un segundo p\u00e1rrafo al art\u00edculo 224 de la Ley Org\u00e1nica del Poder Judicial de la Federaci\u00f3n.<\/p>\n\n\n\n<p>La aprobaci\u00f3n se da a pesar de las protestas que realizaron por dos d\u00edas por parte de trabajadores del Poder Judicial, la C\u00e1mara de Diputados inici\u00f3 esta noche, cerca de las 19:00 horas la discusi\u00f3n de las reformas para extinguir los 13 fideicomisos.<\/p>\n\n\n\n<p>A propuesta de Morena se subi\u00f3 a discusi\u00f3n el dictamen que adiciona un segundo p\u00e1rrafo al art\u00edculo 224 de la Ley Org\u00e1nica del Poder Judicial de la Federaci\u00f3n, en materia de fondos y fideicomisos, iniciativa impulsada por el l\u00edder del partido Morena en la C\u00e1mara, Ignacio Mier.<\/p>\n\n\n\n<p>El presidente de la Comisi\u00f3n de Presupuesto de la C\u00e1mara de Diputados, Erasmo Gonz\u00e1lez Robledo, de Morena, quien present\u00f3 el dictamen, sostuvo que el objetivo del del mismo es contribuir a la transparencia y a la austeridad.<\/p>\n\n\n\n<p>Explic\u00f3 que es necesario que los tres poderes de la uni\u00f3n hagan uso eficiente de los recursos p\u00fablicos a partir de una adecuada gesti\u00f3n administrativa.<\/p>\n\n\n\n<p>\u00abUna adecuada gesti\u00f3n administrativa implica que el uso de los fideicomisos p\u00fablicos sea una excepci\u00f3n y no la regla; de lo contrario, se afectar\u00eda la rendici\u00f3n de cuentas, y se imposibilitar\u00eda la facultad de control presupuestal de esta C\u00e1mara de Diputados\u00bb, argument\u00f3.<\/p>\n\n\n\n<p>El avance de esta discusi\u00f3n se da en el marco de una serie de protestas de trabajadores del Poder Judicial, quienes salieron a la calle a denunciar que al eliminar esos fideicomisos no s\u00f3lo se afectan a los ministros, sino tambi\u00e9n a trabajadores de base.<\/p>\n\n\n\n<p>En la ma\u00f1ana, el presidente Andr\u00e9s Manuel L\u00f3pez Obrador asegur\u00f3 que los trabajadores de Poder Judicial est\u00e1n en su derecho a manifestarse, sin embargo, les pidi\u00f3 no dejarse manipular y aclar\u00f3 que la propuesta para extinguir 13 fideicomisos no afectar\u00e1 sus sueldos ni prestaciones.<\/p>\n\n\n\n<p>\u201cAprovecho para decirle a los trabajadores de Poder Judicial que no es con ellos, que ellos no van a salir perjudicados en nada, al contrario, ellos van a resultar beneficiados\u00bb, expuso.<\/p>\n\n\n\n<p>(Informaci\u00f3n de \u201cExpansi\u00f3n Pol\u00edtica\u201d)<\/p>\n","protected":false},"excerpt":{"rendered":"<p>Redacci\u00f3n\/Zona Roja Cdmx. Ciudad de M\u00e9xico, a 18 de octubre de 2023.- La C\u00e1mara de&hellip;<\/p>\n","protected":false},"author":2,"featured_media":61094,"comment_status":"closed","ping_status":"open","sticky":false,"template":"","format":"standard","meta":{"_lmt_disableupdate":"","_lmt_disable":"","_jetpack_memberships_contains_paid_content":false,"footnotes":""},"categories":[109,47],"tags":[],"class_list":["post-61093","post","type-post","status-publish","format-standard","has-post-thumbnail","hentry","category-minuto-a-minuto","category-zona-gris"],"jetpack_featured_media_url":"https:\/\/zonaroja.com.mx\/wp-content\/uploads\/2023\/10\/Protestas-Poder-Judicial-de-la-Federacion-extincion-fideicomisos.jpeg","jetpack_sharing_enabled":true,"_links":{"self":[{"href":"https:\/\/zonaroja.com.mx\/index.php?rest_route=\/wp\/v2\/posts\/61093","targetHints":{"allow":["GET"]}}],"collection":[{"href":"https:\/\/zonaroja.com.mx\/index.php?rest_route=\/wp\/v2\/posts"}],"about":[{"href":"https:\/\/zonaroja.com.mx\/index.php?rest_route=\/wp\/v2\/types\/post"}],"author":[{"embeddable":true,"href":"https:\/\/zonaroja.com.mx\/index.php?rest_route=\/wp\/v2\/users\/2"}],"replies":[{"embeddable":true,"href":"https:\/\/zonaroja.com.mx\/index.php?rest_route=%2Fwp%2Fv2%2Fcomments&post=61093"}],"version-history":[{"count":1,"href":"https:\/\/zonaroja.com.mx\/index.php?rest_route=\/wp\/v2\/posts\/61093\/revisions"}],"predecessor-version":[{"id":61095,"href":"https:\/\/zonaroja.com.mx\/index.php?rest_route=\/wp\/v2\/posts\/61093\/revisions\/61095"}],"wp:featuredmedia":[{"embeddable":true,"href":"https:\/\/zonaroja.com.mx\/index.php?rest_route=\/wp\/v2\/media\/61094"}],"wp:attachment":[{"href":"https:\/\/zonaroja.com.mx\/index.php?rest_route=%2Fwp%2Fv2%2Fmedia&parent=61093"}],"wp:term":[{"taxonomy":"category","embeddable":true,"href":"https:\/\/zonaroja.com.mx\/index.php?rest_route=%2Fwp%2Fv2%2Fcategories&post=61093"},{"taxonomy":"post_tag","embeddable":true,"href":"https:\/\/zonaroja.com.mx\/index.php?rest_route=%2Fwp%2Fv2%2Ftags&post=61093"}],"curies":[{"name":"wp","href":"https:\/\/api.w.org\/{rel}","templated":true}]}}