{"id":61096,"date":"2023-10-18T10:30:00","date_gmt":"2023-10-18T15:30:00","guid":{"rendered":"http:\/\/www.zonaroja.com.mx\/?p=61096"},"modified":"2023-10-18T11:40:14","modified_gmt":"2023-10-18T16:40:14","slug":"condenan-agencias-de-la-onu-ataque-en-hospital-de-gaza-y-masacre","status":"publish","type":"post","link":"https:\/\/zonaroja.com.mx\/?p=61096","title":{"rendered":"Condenan agencias de la ONU ataque en hospital de Gaza y masacre"},"content":{"rendered":"\n<p>Redacci\u00f3n\/Zona Roja Cdmx.<\/p>\n\n\n\n<p>Ciudad de M\u00e9xico, a 18 de octubre de 2023.- Agencias de la Organizaci\u00f3n de Naciones Unidas (ONU) condenaron ayer por separado en los t\u00e9rminos m\u00e1s en\u00e9rgicos el ataque al hospital Al-Ahli en Gaza, y apremiaron a respetar el derecho internacional humanitario y las leyes de derechos humanos, que proh\u00edben las agresiones contra personal e infraestructura sanitaria, al igual que contra la poblaci\u00f3n civil.<\/p>\n\n\n\n<p>El secretario general del organismo internacional, Antonio Guterres, dijo estar \u201chorrorizado\u201d por el ataque. \u201cMi coraz\u00f3n est\u00e1 con las familias de las v\u00edctimas. Los hospitales y el personal m\u00e9dico est\u00e1n protegidos por el derecho internacional humanitario\u201d, expres\u00f3 en la red social X, antes Twitter.<\/p>\n\n\n\n<p>Tambi\u00e9n conden\u00f3 el ataque a una escuela gestionada por la ONU en un campo de refugiados en Gaza, que dej\u00f3 un saldo de seis fallecidos.<\/p>\n\n\n\n<p>La Organizaci\u00f3n Mundial de la Salud manifest\u00f3 su \u201crepudio\u201d y pidi\u00f3 la \u201cprotecci\u00f3n activa inmediata de los civiles y la atenci\u00f3n m\u00e9dica a los heridos\u201d.<\/p>\n\n\n\n<p>Se\u00f1al\u00f3 que el hospital era uno de los 20 del norte de Gaza afectados por las \u00f3rdenes de expulsi\u00f3n del ej\u00e9rcito israel\u00ed y reiter\u00f3 que se trat\u00f3 de una disposici\u00f3n imposible de implementar dada la inseguridad actual, el estado cr\u00edtico de muchos pacientes y la falta de ambulancias, personal, capacidad de camas del sistema de salud y refugio alternativo para los desplazados.<\/p>\n\n\n\n<p>El jefe de Asuntos Humanitarios de la ONU, Martin Griffiths, expres\u00f3 al llegar a El Cairo que \u201cGaza est\u00e1 de rodillas\u201d y que sus habitantes son \u201casesinados\u201d. \u201cLos sistemas de salud, el agua y la sanidad est\u00e1n colapsando. Le est\u00e1n arrancando su dignidad a la gente\u201d, agreg\u00f3.<\/p>\n\n\n\n<p>Hay comida \u201cpara cuatro o cinco d\u00edas\u201d, alert\u00f3 el Programa Mundial de Alimentos, mientras el Fondo de Naciones Unidas para la Infancia (Unicef) inst\u00f3 a \u201cproteger a todos los civiles y a la infraestructura civil, incluidos los ni\u00f1os. Necesitamos un alto el fuego inmediato y acceso humanitario\u201d.<\/p>\n\n\n\n<p>La directora ejecutiva del fondo, Catherine Russell, se mostr\u00f3 \u201chorrorizada\u201d en un comunicado por las muertes provocadas por el bombardeo, y ha calificado las im\u00e1genes sobre el terreno de \u201cdevastadoras\u201d.<\/p>\n\n\n\n<p>MILES DE DESPLAZADOS<\/p>\n\n\n\n<p>\u201cEsto pone de relieve el impacto mortal que la guerra en curso est\u00e1 teniendo sobre los ni\u00f1os y las familias. En s\u00f3lo 11 d\u00edas, cientos de ni\u00f1os han perdido tr\u00e1gicamente la vida (sin contar las muertes del martes) y miles m\u00e1s han resultado heridos, y m\u00e1s de 300 mil ni\u00f1os se han visto desplazados de sus hogares.\u201d<\/p>\n\n\n\n<p>El ataque provoc\u00f3 la condena internacional, con protestas en las embajadas de Israel en Jordania y Turqu\u00eda, donde irrumpieron la sede diplom\u00e1tica. Manifestaciones similares y denuncias se realizaron en Ir\u00e1n, Siria, T\u00fanez, Irak, Egipto y Yemen, entre otros pa\u00edses con poblaci\u00f3n mayoritariamente musulmana, para sumarse a esta ola de repudio.<\/p>\n\n\n\n<p>El movimiento liban\u00e9s Hezbol\u00e1, respaldado por Ir\u00e1n, convoc\u00f3 para hoy a un \u201cd\u00eda de ira, ser\u00e1 un d\u00eda de ira contra el enemigo\u201d en el pa\u00eds, al denunciar una \u201cmasacre\u201d y un \u201ccrimen brutal\u201d.&nbsp;<\/p>\n\n\n\n<p>Cientos de manifestantes se enfrentaron anoche a las fuerzas de seguridad del pa\u00eds frente a la embajada estadunidense, en el pueblo de Awkar, donde arrojaron piedras, seg\u00fan corresponsales de la agencia noticiosa Afp, por lo que el Departamento de Estado de Estados Unidos elev\u00f3 su alerta de viaje hacia el pa\u00eds.<\/p>\n\n\n\n<p>Arabia Saudita rechaz\u00f3 categ\u00f3ricamente este \u201cbrutal ataque\u201d, que constituye \u201cuna flagrante violaci\u00f3n de todas las leyes y normas internacionales, incluida la ley internacional humanitaria\u201d, y denunci\u00f3 que \u201cla ocupaci\u00f3n israel\u00ed no detiene sus continuos ataques contra civiles, a pesar de numerosos llamamientos internacionales\u201d.<\/p>\n\n\n\n<p>La presidenta de la Comisi\u00f3n Europea, Ursula von der Leyen, declar\u00f3: \u201cMe entristece el ataque contra el hospital Al-Ahli y el enorme n\u00famero de muertos. No hay excusa para atacar un hospital lleno de personal m\u00e9dico y civiles. Es necesario establecer todos los hechos y los responsables deben rendir cuentas\u201d.<\/p>\n\n\n\n<p>(Informaci\u00f3n de \u201cLa Jornada\u201d)<\/p>\n","protected":false},"excerpt":{"rendered":"<p>Redacci\u00f3n\/Zona Roja Cdmx. Ciudad de M\u00e9xico, a 18 de octubre de 2023.- Agencias de la&hellip;<\/p>\n","protected":false},"author":2,"featured_media":61097,"comment_status":"closed","ping_status":"open","sticky":false,"template":"","format":"standard","meta":{"_lmt_disableupdate":"","_lmt_disable":"","_jetpack_memberships_contains_paid_content":false,"footnotes":""},"categories":[109,47],"tags":[2668],"class_list":["post-61096","post","type-post","status-publish","format-standard","has-post-thumbnail","hentry","category-minuto-a-minuto","category-zona-gris","tag-conflicto-gaza-israel"],"jetpack_featured_media_url":"https:\/\/zonaroja.com.mx\/wp-content\/uploads\/2023\/10\/Hospital-Gaza-bombardeo-Israel.jpeg","jetpack_sharing_enabled":true,"_links":{"self":[{"href":"https:\/\/zonaroja.com.mx\/index.php?rest_route=\/wp\/v2\/posts\/61096","targetHints":{"allow":["GET"]}}],"collection":[{"href":"https:\/\/zonaroja.com.mx\/index.php?rest_route=\/wp\/v2\/posts"}],"about":[{"href":"https:\/\/zonaroja.com.mx\/index.php?rest_route=\/wp\/v2\/types\/post"}],"author":[{"embeddable":true,"href":"https:\/\/zonaroja.com.mx\/index.php?rest_route=\/wp\/v2\/users\/2"}],"replies":[{"embeddable":true,"href":"https:\/\/zonaroja.com.mx\/index.php?rest_route=%2Fwp%2Fv2%2Fcomments&post=61096"}],"version-history":[{"count":1,"href":"https:\/\/zonaroja.com.mx\/index.php?rest_route=\/wp\/v2\/posts\/61096\/revisions"}],"predecessor-version":[{"id":61098,"href":"https:\/\/zonaroja.com.mx\/index.php?rest_route=\/wp\/v2\/posts\/61096\/revisions\/61098"}],"wp:featuredmedia":[{"embeddable":true,"href":"https:\/\/zonaroja.com.mx\/index.php?rest_route=\/wp\/v2\/media\/61097"}],"wp:attachment":[{"href":"https:\/\/zonaroja.com.mx\/index.php?rest_route=%2Fwp%2Fv2%2Fmedia&parent=61096"}],"wp:term":[{"taxonomy":"category","embeddable":true,"href":"https:\/\/zonaroja.com.mx\/index.php?rest_route=%2Fwp%2Fv2%2Fcategories&post=61096"},{"taxonomy":"post_tag","embeddable":true,"href":"https:\/\/zonaroja.com.mx\/index.php?rest_route=%2Fwp%2Fv2%2Ftags&post=61096"}],"curies":[{"name":"wp","href":"https:\/\/api.w.org\/{rel}","templated":true}]}}