{"id":61099,"date":"2023-10-18T12:22:00","date_gmt":"2023-10-18T17:22:00","guid":{"rendered":"http:\/\/www.zonaroja.com.mx\/?p=61099"},"modified":"2023-10-18T08:28:34","modified_gmt":"2023-10-18T13:28:34","slug":"sentencia-a-30-anos-de-prision-a-homicida-de-putla-villa-de-guerrero","status":"publish","type":"post","link":"https:\/\/zonaroja.com.mx\/?p=61099","title":{"rendered":"Sentencia a 30 a\u00f1os de prisi\u00f3n a homicida de Putla Villa de Guerrero"},"content":{"rendered":"\n<p>Redacci\u00f3n\/Zona Roja.&nbsp;<\/p>\n\n\n\n<p>Oaxaca de Ju\u00e1rez, Oax., a 18 de octubre de 2023.-&nbsp;La Fiscal\u00eda General del Estado de Oaxaca (FGEO) obtuvo una sentencia de 30 a\u00f1os de prisi\u00f3n en contra de E. O. C., responsable en la comisi\u00f3n del delito de Homicidio Calificado, cometido en Putla, Villa de Guerrero.<\/p>\n\n\n\n<p>Los hechos delictivos ocurrieron el 19 de marzo de 2021, cuando la v\u00edctima se encontraba en su domicilio localizado en el centro de la poblaci\u00f3n de San Miguel Reyes, perteneciente al citado municipio.<\/p>\n\n\n\n<p>Al lugar lleg\u00f3 el sentenciado para agredir a D. L. P. G., a quien atac\u00f3 con un machete, provoc\u00e1ndole severas lesiones por las que fue trasladado a un hospital, pero perdi\u00f3 la vida a consecuencia de las heridas infligidas.<\/p>\n\n\n\n<p>La FGEO tom\u00f3 conocimiento del caso e inici\u00f3 las labores correspondientes a cargo de la Vicefiscal\u00eda Regional de la Mixteca que logr\u00f3 establecer l\u00edneas de investigaci\u00f3n con las cuales se reunieron las pruebas suficientes en contra del responsable.<\/p>\n\n\n\n<p>Luego que el Juez evalu\u00f3 la investigaci\u00f3n efectuada por la Fiscal\u00eda, dict\u00f3 sentencia condenatoria de 30 a\u00f1os de prisi\u00f3n en contra de E. O. C. por su responsabilidad en la comisi\u00f3n del delito de Homicidio Calificado con Ventaja, adem\u00e1s que le orden\u00f3 el pago de la reparaci\u00f3n del da\u00f1o por una suma superior a 448 mil pesos.<\/p>\n\n\n\n<p>La atenci\u00f3n a protocolos de investigaci\u00f3n y la utilizaci\u00f3n de t\u00e9cnicas cient\u00edficas en las labores que realiza la Fiscal\u00eda de Oaxaca, son pilares fundamentales en los procesos de procuraci\u00f3n de justicia para tener certeza jur\u00eddica a favor de las v\u00edctimas.<\/p>\n\n\n\n<p>PEDERASTA DETENIDO<\/p>\n\n\n\n<p>En otro caso, la Fiscal\u00eda General del Estado obtuvo auto de vinculaci\u00f3n a proceso en contra de una persona del sexo masculino identificada como T.B.G., por el delito de pederastia, cometido en agravio de un ni\u00f1o, en la regi\u00f3n de la Costa.<\/p>\n\n\n\n<p>Los hechos ocurrieron el 15 de junio de 2023, cuando la v\u00edctima -un ni\u00f1o de nueve a\u00f1os, cuya identidad est\u00e1 reservada por ley- se encontraba en calles de San Pedro Pochutla, cuando sufri\u00f3 una agresi\u00f3n sexual que se traduce en el delito de Pederastia.<\/p>\n\n\n\n<p>La familia de la v\u00edctima acudi\u00f3 ante la Fiscal\u00eda para realizar la denuncia, a partir de la cual se inici\u00f3 una investigaci\u00f3n a cargo de la Unidad Operativa de Investigaci\u00f3n de Delitos Cometidos Contra la Mujer Por Raz\u00f3n De G\u00e9nero de la Vicefiscal\u00eda Regional de la Costa.&nbsp;<\/p>\n\n\n\n<p>Derivado de los trabajos de procuraci\u00f3n de justicia de la FGEO, se presentaron las pruebas contra el imputado, ante lo que el Juez a cargo dict\u00f3 auto de formal prisi\u00f3n en contra de T.B.G. por el delito de pederastia, asimismo no se le impuso medida cautelar toda vez que se encuentra sentenciado en otra causa penal por lo que permanecer\u00e1 en prisi\u00f3n llevando este \u00faltimo proceso penal.<\/p>\n\n\n\n<p>La Fiscal\u00eda General del Estado de Oaxaca da prioridad en las investigaciones en que las v\u00edctimas son ni\u00f1as, ni\u00f1os y adolescentes para garantizar que tengan un vida libre de cualquier tipo de violencia, as\u00ed como pleno acceso a la justicia y a los mecanismos de reparaci\u00f3n del da\u00f1o.<\/p>\n","protected":false},"excerpt":{"rendered":"<p>Redacci\u00f3n\/Zona Roja.&nbsp; Oaxaca de Ju\u00e1rez, Oax., a 18 de octubre de 2023.-&nbsp;La Fiscal\u00eda General del&hellip;<\/p>\n","protected":false},"author":2,"featured_media":61100,"comment_status":"closed","ping_status":"open","sticky":false,"template":"","format":"standard","meta":{"_lmt_disableupdate":"","_lmt_disable":"","_jetpack_memberships_contains_paid_content":false,"footnotes":""},"categories":[109,46],"tags":[494],"class_list":["post-61099","post","type-post","status-publish","format-standard","has-post-thumbnail","hentry","category-minuto-a-minuto","category-zona-blanca","tag-fiscalia-general-del-estado-de-oaxaca"],"jetpack_featured_media_url":"https:\/\/zonaroja.com.mx\/wp-content\/uploads\/2023\/10\/Carcel-prision-3.jpeg","jetpack_sharing_enabled":true,"_links":{"self":[{"href":"https:\/\/zonaroja.com.mx\/index.php?rest_route=\/wp\/v2\/posts\/61099","targetHints":{"allow":["GET"]}}],"collection":[{"href":"https:\/\/zonaroja.com.mx\/index.php?rest_route=\/wp\/v2\/posts"}],"about":[{"href":"https:\/\/zonaroja.com.mx\/index.php?rest_route=\/wp\/v2\/types\/post"}],"author":[{"embeddable":true,"href":"https:\/\/zonaroja.com.mx\/index.php?rest_route=\/wp\/v2\/users\/2"}],"replies":[{"embeddable":true,"href":"https:\/\/zonaroja.com.mx\/index.php?rest_route=%2Fwp%2Fv2%2Fcomments&post=61099"}],"version-history":[{"count":1,"href":"https:\/\/zonaroja.com.mx\/index.php?rest_route=\/wp\/v2\/posts\/61099\/revisions"}],"predecessor-version":[{"id":61101,"href":"https:\/\/zonaroja.com.mx\/index.php?rest_route=\/wp\/v2\/posts\/61099\/revisions\/61101"}],"wp:featuredmedia":[{"embeddable":true,"href":"https:\/\/zonaroja.com.mx\/index.php?rest_route=\/wp\/v2\/media\/61100"}],"wp:attachment":[{"href":"https:\/\/zonaroja.com.mx\/index.php?rest_route=%2Fwp%2Fv2%2Fmedia&parent=61099"}],"wp:term":[{"taxonomy":"category","embeddable":true,"href":"https:\/\/zonaroja.com.mx\/index.php?rest_route=%2Fwp%2Fv2%2Fcategories&post=61099"},{"taxonomy":"post_tag","embeddable":true,"href":"https:\/\/zonaroja.com.mx\/index.php?rest_route=%2Fwp%2Fv2%2Ftags&post=61099"}],"curies":[{"name":"wp","href":"https:\/\/api.w.org\/{rel}","templated":true}]}}