{"id":61106,"date":"2023-10-18T13:32:00","date_gmt":"2023-10-18T18:32:00","guid":{"rendered":"http:\/\/www.zonaroja.com.mx\/?p=61106"},"modified":"2023-10-18T08:33:46","modified_gmt":"2023-10-18T13:33:46","slug":"la-semaedeso-simula-acciones-para-cumplir-con-la-sentencia-de-rescate-de-rios","status":"publish","type":"post","link":"https:\/\/zonaroja.com.mx\/?p=61106","title":{"rendered":"La Semaedeso simula acciones para cumplir con la sentencia de rescate de r\u00edos"},"content":{"rendered":"\n<p>Redacci\u00f3n\/Zona Roja.<\/p>\n\n\n\n<p>Oaxaca de Ju\u00e1rez, Oax., a 18 de octubre de 2023.- A cinco a\u00f1os, la Secretar\u00eda del Medio Ambiente, Biodiversidad, Energ\u00edas y Sostenibilidad del Gobierno de Oaxaca (Semaedeso) no presenta ning\u00fan avance m\u00ednimo para el cumplimiento de la sentencia de amparo que la obliga a realizar acciones para el rescate, saneamiento y preservaci\u00f3n de los r\u00edos \u201cSalado\u201d y \u201cAtoyac\u201d.<\/p>\n\n\n\n<p>La dependencia estatal, adem\u00e1s, confirma que carece de presupuesto p\u00fablico para este a\u00f1o y para el ejercicio fiscal de 2024, con el cual emprender acciones concretas destinadas a rescatar estos dos importantes cauces en la regi\u00f3n Valles Centrales del estado.<\/p>\n\n\n\n<p>En el a\u00f1o 2018, el Poder Judicial de la Federaci\u00f3n (PFJ) confirm\u00f3 la sentencia de amparo en la que orden\u00f3 la protecci\u00f3n de los r\u00edos \u201cSalado\u201d y \u201cAtoyac\u201d, tras una demanda de amparo interpuesta por la asociaci\u00f3n civil Litigio Estrat\u00e9gico Ind\u00edgena.<\/p>\n\n\n\n<p>Las dependencias obligadas a ello, de acuerdo con la sentencia, son el Organismo Cuenca Pacifico Sur de la Comisi\u00f3n Nacional del Agua (Conagua), la Conagua centrl, la Procuradur\u00eda Federal de Protecci\u00f3n al Medio Ambiente (Profepa), el Gobierno del Estado de Oaxaca, la Comisi\u00f3n Estatal del Agua (CEA) y 14 ayuntamientos, entre ellos, el de Oaxaca de Ju\u00e1rez.<\/p>\n\n\n\n<p>Carlos Morales S\u00e1nchez, presidente de Litigio Estrat\u00e9gico Ind\u00edgena, afirm\u00f3 que luego de cinco a\u00f1os de esta resoluci\u00f3n del PJF, las cosas siguen exactamente igual porque ni las autoridades municipales, estatales y federales informan de las acciones que afirman est\u00e1n realizando, y \u00fanicamente todo se concreta en reuniones de trabajo pero no en acciones sustantivas.<\/p>\n\n\n\n<p>\u201cHasta el momento no hay ning\u00fan avance m\u00ednimo sobre el cumplimiento de la sentencia de amparo\u201d, asegur\u00f3.<\/p>\n\n\n\n<p>En un informe solicitado a la Semaedeso, esta dependencia reconoce que no cuenta con presupuesto p\u00fablico para el a\u00f1o 2024 con el cual cumplir con la sentencia de amparo.<\/p>\n\n\n\n<p>\u201cSe est\u00e1 trabajando en coordinaci\u00f3n de la Secretar\u00eda de Finanzas, quien es la responsable de presentar ante el titular del Ejecutivo, la estructura program\u00e1tica para el pr\u00f3ximo a\u00f1o 2024. As\u00ed mismo, en cuanto a presupuesto espec\u00edfico para el cumplimiento del amparo, no se tiene, toda vez que se utilizan los gastos de operaci\u00f3n para llevar a cabo algunas actividades en coordinaci\u00f3n con otras dependencias gubernamentales\u201d, acepta la instituci\u00f3n del Gobierno de Oaxaca.<\/p>\n\n\n\n<p>Sobre las acciones para el saneamiento, rescate y preservaci\u00f3n de los r\u00edos Atoyac y Salado, la instituci\u00f3n tambi\u00e9n reconoce que \u00fanicamente se han realizado reuniones de trabajo en donde han participado los representantes de las dependencias de los gobiernos federal y estatal.<\/p>\n\n\n\n<p>\u201cCon la finalidad\u201d, apunta la Semaedeso, \u201cde conjuntar esfuerzos y encauzar inversi\u00f3n y proyectos estrat\u00e9gicos que puedan atender de manera coordinada la problem\u00e1tica de contaminaci\u00f3n de los r\u00edos \u2018Salado\u2019 y \u2018Atoyac\u2019\u201d.<\/p>\n","protected":false},"excerpt":{"rendered":"<p>Redacci\u00f3n\/Zona Roja. Oaxaca de Ju\u00e1rez, Oax., a 18 de octubre de 2023.- A cinco a\u00f1os,&hellip;<\/p>\n","protected":false},"author":2,"featured_media":61103,"comment_status":"closed","ping_status":"open","sticky":false,"template":"","format":"standard","meta":{"_lmt_disableupdate":"","_lmt_disable":"","_jetpack_memberships_contains_paid_content":false,"footnotes":""},"categories":[109,47],"tags":[897],"class_list":["post-61106","post","type-post","status-publish","format-standard","has-post-thumbnail","hentry","category-minuto-a-minuto","category-zona-gris","tag-litigio-estrategico-indigena"],"jetpack_featured_media_url":"https:\/\/zonaroja.com.mx\/wp-content\/uploads\/2023\/10\/Carlos-Morales-Litigio-Estrategico.jpg","jetpack_sharing_enabled":true,"_links":{"self":[{"href":"https:\/\/zonaroja.com.mx\/index.php?rest_route=\/wp\/v2\/posts\/61106","targetHints":{"allow":["GET"]}}],"collection":[{"href":"https:\/\/zonaroja.com.mx\/index.php?rest_route=\/wp\/v2\/posts"}],"about":[{"href":"https:\/\/zonaroja.com.mx\/index.php?rest_route=\/wp\/v2\/types\/post"}],"author":[{"embeddable":true,"href":"https:\/\/zonaroja.com.mx\/index.php?rest_route=\/wp\/v2\/users\/2"}],"replies":[{"embeddable":true,"href":"https:\/\/zonaroja.com.mx\/index.php?rest_route=%2Fwp%2Fv2%2Fcomments&post=61106"}],"version-history":[{"count":1,"href":"https:\/\/zonaroja.com.mx\/index.php?rest_route=\/wp\/v2\/posts\/61106\/revisions"}],"predecessor-version":[{"id":61107,"href":"https:\/\/zonaroja.com.mx\/index.php?rest_route=\/wp\/v2\/posts\/61106\/revisions\/61107"}],"wp:featuredmedia":[{"embeddable":true,"href":"https:\/\/zonaroja.com.mx\/index.php?rest_route=\/wp\/v2\/media\/61103"}],"wp:attachment":[{"href":"https:\/\/zonaroja.com.mx\/index.php?rest_route=%2Fwp%2Fv2%2Fmedia&parent=61106"}],"wp:term":[{"taxonomy":"category","embeddable":true,"href":"https:\/\/zonaroja.com.mx\/index.php?rest_route=%2Fwp%2Fv2%2Fcategories&post=61106"},{"taxonomy":"post_tag","embeddable":true,"href":"https:\/\/zonaroja.com.mx\/index.php?rest_route=%2Fwp%2Fv2%2Ftags&post=61106"}],"curies":[{"name":"wp","href":"https:\/\/api.w.org\/{rel}","templated":true}]}}