{"id":61108,"date":"2023-10-18T13:00:00","date_gmt":"2023-10-18T18:00:00","guid":{"rendered":"http:\/\/www.zonaroja.com.mx\/?p=61108"},"modified":"2023-10-18T08:42:22","modified_gmt":"2023-10-18T13:42:22","slug":"la-sedena-sabia-en-tiempo-real-desaparicion-de-los-43-de-ayotzinapa","status":"publish","type":"post","link":"https:\/\/zonaroja.com.mx\/?p=61108","title":{"rendered":"La Sedena sab\u00eda en tiempo real desaparici\u00f3n de los 43 de Ayotzinapa"},"content":{"rendered":"\n<p>Redacci\u00f3n\/Zona Roja Cdmx.<\/p>\n\n\n\n<p>Ciudad de M\u00e9xico, a 18 de octubre de 2023.- La Secretar\u00eda de la Defensa Nacional (SEDENA) sab\u00eda que lo que estaba ocurriendo en tiempo real la noche de la desaparici\u00f3n de los 43 estudiantes de la Normal Rural de Ayotzinapa, asegur\u00f3 la Comisi\u00f3n para la Verdad y Acceso a la Justicia del Caso Ayotzinapa (Covaj).<\/p>\n\n\n\n<p>Dentro del \u201cadendum\u201d al Segundo Informe de la Presidencia que entreg\u00f3 la comisi\u00f3n, este domingo 15 de octubre, estableci\u00f3 que los militares ten\u00edan identificados a los actores implicados, as\u00ed como del paradero de los estudiantes.<\/p>\n\n\n\n<p>\u201cSe confirma que el ej\u00e9rcito tuvo conocimiento de lo que estaba sucediendo y acredita que los objetivos que estaban siendo investigados con anterioridad a los hechos contaban con informaci\u00f3n en tiempo real sobre los posibles destinos de los estudiantes desaparecidos, as\u00ed como de las personas implicadas, su relaci\u00f3n con autoridades ministeriales y lugares donde posiblemente se resguardaron\u201d, sentenci\u00f3 el organismo.<\/p>\n\n\n\n<p>Adem\u00e1s, la Covaj sostuvo que la Sedena estaba investigando a los alumnos de la Normal Rural en todo momento.<\/p>\n\n\n\n<p>\u201cLa Sedena ten\u00eda identificados y hac\u00eda seguimiento con anterioridad a los hechos, a diferentes objetivos prioritarios que eran parte de los grupos delictivos y cuya informaci\u00f3n es de inter\u00e9s para continuar con la investigaci\u00f3n\u201d, asever\u00f3.<\/p>\n\n\n\n<p>Por otro lado, la comisi\u00f3n confirm\u00f3 que uno de los estudiantes desaparecidos, Julio C\u00e9sar L\u00f3pez Patolzin, era un agente del ej\u00e9rcito encargado de brindarle informaci\u00f3n al ej\u00e9rcito sobre lo que suced\u00eda en la escuela.<\/p>\n\n\n\n<p>Se confirma que desde el a\u00f1o 2009, Julio \u201cN\u201d, estudiante desaparecido inicia su relaci\u00f3n laboral con el Ej\u00e9rcito y realizaba funciones de \u00d3rganos de B\u00fasqueda de Informaci\u00f3n (OBI)\u201d, expuso el organismo.<\/p>\n\n\n\n<p>Finalmente, la Covaj insisti\u00f3 en que el gobierno mexicano estaba al tanto de los hechos de hace nueve a\u00f1os.<\/p>\n\n\n\n<p>\u201cSe reitera que todas las autoridades estaban enteradas de lo que estaba sucediendo los d\u00edas 26 y 27 de septiembre de 2014\u2033, concluy\u00f3.<\/p>\n\n\n\n<p>(Informaci\u00f3n de \u201cEl Financiero\u201d)<\/p>\n","protected":false},"excerpt":{"rendered":"<p>Redacci\u00f3n\/Zona Roja Cdmx. Ciudad de M\u00e9xico, a 18 de octubre de 2023.- La Secretar\u00eda de&hellip;<\/p>\n","protected":false},"author":2,"featured_media":61109,"comment_status":"closed","ping_status":"open","sticky":false,"template":"","format":"standard","meta":{"_lmt_disableupdate":"","_lmt_disable":"","_jetpack_memberships_contains_paid_content":false,"footnotes":""},"categories":[109,47],"tags":[823],"class_list":["post-61108","post","type-post","status-publish","format-standard","has-post-thumbnail","hentry","category-minuto-a-minuto","category-zona-gris","tag-desaparecidos-ayotzinapa-guerrero"],"jetpack_featured_media_url":"https:\/\/zonaroja.com.mx\/wp-content\/uploads\/2023\/10\/Ayotzinapa-43-.jpg","jetpack_sharing_enabled":true,"_links":{"self":[{"href":"https:\/\/zonaroja.com.mx\/index.php?rest_route=\/wp\/v2\/posts\/61108","targetHints":{"allow":["GET"]}}],"collection":[{"href":"https:\/\/zonaroja.com.mx\/index.php?rest_route=\/wp\/v2\/posts"}],"about":[{"href":"https:\/\/zonaroja.com.mx\/index.php?rest_route=\/wp\/v2\/types\/post"}],"author":[{"embeddable":true,"href":"https:\/\/zonaroja.com.mx\/index.php?rest_route=\/wp\/v2\/users\/2"}],"replies":[{"embeddable":true,"href":"https:\/\/zonaroja.com.mx\/index.php?rest_route=%2Fwp%2Fv2%2Fcomments&post=61108"}],"version-history":[{"count":1,"href":"https:\/\/zonaroja.com.mx\/index.php?rest_route=\/wp\/v2\/posts\/61108\/revisions"}],"predecessor-version":[{"id":61110,"href":"https:\/\/zonaroja.com.mx\/index.php?rest_route=\/wp\/v2\/posts\/61108\/revisions\/61110"}],"wp:featuredmedia":[{"embeddable":true,"href":"https:\/\/zonaroja.com.mx\/index.php?rest_route=\/wp\/v2\/media\/61109"}],"wp:attachment":[{"href":"https:\/\/zonaroja.com.mx\/index.php?rest_route=%2Fwp%2Fv2%2Fmedia&parent=61108"}],"wp:term":[{"taxonomy":"category","embeddable":true,"href":"https:\/\/zonaroja.com.mx\/index.php?rest_route=%2Fwp%2Fv2%2Fcategories&post=61108"},{"taxonomy":"post_tag","embeddable":true,"href":"https:\/\/zonaroja.com.mx\/index.php?rest_route=%2Fwp%2Fv2%2Ftags&post=61108"}],"curies":[{"name":"wp","href":"https:\/\/api.w.org\/{rel}","templated":true}]}}