{"id":61114,"date":"2023-10-18T17:48:00","date_gmt":"2023-10-18T22:48:00","guid":{"rendered":"http:\/\/www.zonaroja.com.mx\/?p=61114"},"modified":"2023-10-18T09:26:30","modified_gmt":"2023-10-18T14:26:30","slug":"lanzan-campana-nacional-para-reconocer-esfuerzo-de-mujeres-defensores-de-la-tierra","status":"publish","type":"post","link":"https:\/\/zonaroja.com.mx\/?p=61114","title":{"rendered":"Lanzan campa\u00f1a nacional para reconocer esfuerzo de mujeres defensores de la tierra"},"content":{"rendered":"\n<p>Redacci\u00f3n\/Zona Roja.<\/p>\n\n\n\n<p>Oaxaca de Ju\u00e1rez, Oax., a 18 de octubre de 2023.- \u201cFlor y Canto\u201d junto a otras organizaciones del pa\u00eds, como \u201cMoots\u201d de Tabasco, \u201cAmo Ximayahue\u201d, de Morelos; \u201cTochan\u201d y \u201cMasehual Siuamej\u201d, de Puebla, y \u201cSembradoras Xochimilpas\u201d, de la Ciudad de M\u00e9xico y Oxfam M\u00e9xico, lanzaron una campa\u00f1a a nivel nacional titulada \u201cVoces de Vida\u201d, la cual busca que la sociedad reconozca el aporte de mujeres defensoras de la tierra como motor de cambio en sus comunidades, tomando en cuenta los impactos de la crisis clim\u00e1tica en sus cuerpos-territorios y su liderazgo.<\/p>\n\n\n\n<p>\u201cCreemos en una vida sostenible, respetuosa del medio ambiente y de los bienes comunes que la mantienen; una vida m\u00e1s justa, digna e igualitaria, solo ser\u00e1 posible si reconocemos y defendemos a las mujeres que d\u00eda a d\u00eda luchan por proteger la vida en este planeta\u201d se\u00f1alan las organizaciones.<\/p>\n\n\n\n<p>A trav\u00e9s de una plataforma en la web, se podr\u00e1n encontrar varios videos, testimonios y gr\u00e1ficas que cuentan y narran sobre las experiencias, saberes y&nbsp; luchas de diversas mujeres defensoras y sus procesos sociales dentro del territorio mexicano.<\/p>\n\n\n\n<p>Por su parte la organizaci\u00f3n oaxaque\u00f1a \u201cFlor y Canto\u201d, dentro de esta campa\u00f1a nacional, impulsa a nivel local su campa\u00f1a \u201cdefensoras del agua\u201d, la cual busca compartir experiencias exitosas en la defensa y el cuidado del agua desde la voces de las mujeres.<\/p>\n\n\n\n<p>Ello a trav\u00e9s de una serie de videos e historias que contienen el testimonio de cuatro&nbsp; mujeres defensoras que se enfrentaron a la sequ\u00eda y actualmente participan activamente en alternativas locales para la conservaci\u00f3n de los recursos h\u00eddricos en su comunidades en los valles centrales de Oaxaca.&nbsp;<\/p>\n\n\n\n<p>Se trata de Carmela Velasco, Estela Pablo, Severina Guadalupe y Gema Pacheco.<\/p>\n\n\n\n<p>(Con informaci\u00f3n de Educa Oaxaca)<\/p>\n","protected":false},"excerpt":{"rendered":"<p>Redacci\u00f3n\/Zona Roja. Oaxaca de Ju\u00e1rez, Oax., a 18 de octubre de 2023.- \u201cFlor y Canto\u201d&hellip;<\/p>\n","protected":false},"author":2,"featured_media":61116,"comment_status":"closed","ping_status":"open","sticky":false,"template":"","format":"standard","meta":{"_lmt_disableupdate":"","_lmt_disable":"","_jetpack_memberships_contains_paid_content":false,"footnotes":""},"categories":[109,46],"tags":[2275],"class_list":["post-61114","post","type-post","status-publish","format-standard","has-post-thumbnail","hentry","category-minuto-a-minuto","category-zona-blanca","tag-servicios-para-una-educacion-alternativa-a-c-educa"],"jetpack_featured_media_url":"https:\/\/zonaroja.com.mx\/wp-content\/uploads\/2023\/10\/Campana-defensores-del-agua-Educa.jpg","jetpack_sharing_enabled":true,"_links":{"self":[{"href":"https:\/\/zonaroja.com.mx\/index.php?rest_route=\/wp\/v2\/posts\/61114","targetHints":{"allow":["GET"]}}],"collection":[{"href":"https:\/\/zonaroja.com.mx\/index.php?rest_route=\/wp\/v2\/posts"}],"about":[{"href":"https:\/\/zonaroja.com.mx\/index.php?rest_route=\/wp\/v2\/types\/post"}],"author":[{"embeddable":true,"href":"https:\/\/zonaroja.com.mx\/index.php?rest_route=\/wp\/v2\/users\/2"}],"replies":[{"embeddable":true,"href":"https:\/\/zonaroja.com.mx\/index.php?rest_route=%2Fwp%2Fv2%2Fcomments&post=61114"}],"version-history":[{"count":1,"href":"https:\/\/zonaroja.com.mx\/index.php?rest_route=\/wp\/v2\/posts\/61114\/revisions"}],"predecessor-version":[{"id":61115,"href":"https:\/\/zonaroja.com.mx\/index.php?rest_route=\/wp\/v2\/posts\/61114\/revisions\/61115"}],"wp:featuredmedia":[{"embeddable":true,"href":"https:\/\/zonaroja.com.mx\/index.php?rest_route=\/wp\/v2\/media\/61116"}],"wp:attachment":[{"href":"https:\/\/zonaroja.com.mx\/index.php?rest_route=%2Fwp%2Fv2%2Fmedia&parent=61114"}],"wp:term":[{"taxonomy":"category","embeddable":true,"href":"https:\/\/zonaroja.com.mx\/index.php?rest_route=%2Fwp%2Fv2%2Fcategories&post=61114"},{"taxonomy":"post_tag","embeddable":true,"href":"https:\/\/zonaroja.com.mx\/index.php?rest_route=%2Fwp%2Fv2%2Ftags&post=61114"}],"curies":[{"name":"wp","href":"https:\/\/api.w.org\/{rel}","templated":true}]}}