{"id":61117,"date":"2023-10-18T09:28:15","date_gmt":"2023-10-18T14:28:15","guid":{"rendered":"http:\/\/www.zonaroja.com.mx\/?p=61117"},"modified":"2023-10-18T09:28:18","modified_gmt":"2023-10-18T14:28:18","slug":"sera-san-pedro-totolapam-sede-del-centro-de-residuos-solidos-de-oaxaca","status":"publish","type":"post","link":"https:\/\/zonaroja.com.mx\/?p=61117","title":{"rendered":"Ser\u00e1 San Pedro Totol\u00e1pam sede del centro de residuos s\u00f3lidos de Oaxaca"},"content":{"rendered":"\n<p>Ismael Garc\u00eda M.\/Zona Roja.<\/p>\n\n\n\n<p>Oaxaca de Ju\u00e1rez, Oax., a 18 de octubre de 2023.- En el municipio de San Pedro Tototol\u00e1pam se instalar\u00e1 el Centro Integral de Revalorizaci\u00f3n de Residuos S\u00f3lidos Urbanos (CIRRSU), anunci\u00f3 esta ma\u00f1ana el gobernador Salom\u00f3n Jara Cruz.<\/p>\n\n\n\n<p>En conferencia de prensa desde el Palacio de Gobierno, detall\u00f3 que la construcci\u00f3n total llevar\u00e1 al menos un a\u00f1o y medio, pero en tres meses se podr\u00eda comenzar a recibir los desechos de la capital de Oaxaca y municipios de la zona metropolitana.<\/p>\n\n\n\n<p>Agreg\u00f3 que se ubicar\u00e1 en una superficie de 30 hect\u00e1reas, con una inversi\u00f3n de m\u00e1s de 600 millones de pesos; \u201cvamos a hacer posible lo que otros gobiernos no pudieron o no quisieron. Con esta acci\u00f3n, la \u2018Primavera Oaxaque\u00f1a\u2019 cumple su compromiso de atender y solucionar uno de los problemas que m\u00e1s afecta y preocupa al pueblo\u201d, asegur\u00f3.<\/p>\n\n\n\n<p>Abund\u00f3 que el CIRRSU resolver\u00e1 de manera integral y con una perspectiva a largo plazo, el manejo de residuos s\u00f3lidos urbanos en la zona metropolitana de Oaxaca, \u201ctema ignorado por gobiernos anteriores y que ha puesto en gran riesgo al medio ambiente y a la salud p\u00fablica de la poblaci\u00f3n\u201d.<\/p>\n\n\n\n<p>El anuncio se da a 10 meses y medio de iniciado el sexenio del militante del Partido Morena y tras una serie de conflictos municipales y estatal, en la llamada crisis de la basura.<\/p>\n\n\n\n<p>En abril pasado, el mandatario hab\u00eda ya anunciado la instalaci\u00f3n del centro de residuos en San Lorenzo Albarradas; sin embargo, la oposici\u00f3n del edil panista de Mitla, Luis Armando Olivera L\u00f3pez, quien azuz\u00f3 a la gente, logr\u00f3 que las comunidades recularan.<\/p>\n\n\n\n<p>\u201cLas m\u00e1s de 850 toneladas de desechos que se originan diariamente en la capital del estado de Oaxaca contar\u00e1n con un destino final: el Centro Integral de Revalorizaci\u00f3n de Residuos S\u00f3lidos Urbanos (CIRRSU) que se construir\u00e1 sobre un predio de 16 hect\u00e1reas en el municipio de San Lorenzo Albarradas, ubicado a 61 kil\u00f3metros de la capital oaxaque\u00f1a\u201d, dio a conocer el pasado 17 de abril.<\/p>\n\n\n\n<p>Seg\u00fan los datos dados a conocer entonces, el proyecto beneficiar\u00eda principalmente a 23 municipios de la zona metropolitana, y generar\u00e1 m\u00e1s de 400 empleos directos; \u201cel titular del Poder Ejecutivo expres\u00f3 que se pondr\u00e1 fin a la fuerte crisis y escenario de alta conflictividad social en torno a la recolecci\u00f3n y tratamiento de basura que administraciones pasadas le heredaron a su gobierno\u201d.<\/p>\n\n\n\n<p>Fue el pasado 16 de enero que el Gobierno del Estado lanz\u00f3 una convocatoria a las autoridades municipales, agrarias y comunidades asentadas en un radio no mayor a 70 kil\u00f3metros de la ciudad capital, para participar en la construcci\u00f3n y operaci\u00f3n del CIRRSU.<\/p>\n\n\n\n<p>Fue el 8 de octubre del a\u00f1o 2022 en que pobladores de la zona oriente de la Villa de Zaachila determinaron el cierre de manera definitiva del tiradero ubicado en esa jurisdicci\u00f3n, en que al menos 25 municipios llevaban sus desechos desde hace m\u00e1s de cuatro d\u00e9cadas.<\/p>\n\n\n\n<p>Ello desat\u00f3 una severa crisis, principalmente en la capital, con el acumulamiento de la basura en calles y parques. La soluci\u00f3n del edil morenita Francisco Mart\u00ednez Neri fue contratar el traslado de desechos a otras entidades del pa\u00eds y que en este a\u00f1o costar\u00eda ya 250 millones de pesos.<\/p>\n","protected":false},"excerpt":{"rendered":"<p>Ismael Garc\u00eda M.\/Zona Roja. Oaxaca de Ju\u00e1rez, Oax., a 18 de octubre de 2023.- En&hellip;<\/p>\n","protected":false},"author":2,"featured_media":61118,"comment_status":"closed","ping_status":"open","sticky":false,"template":"","format":"standard","meta":{"_lmt_disableupdate":"","_lmt_disable":"","_jetpack_memberships_contains_paid_content":false,"footnotes":""},"categories":[109,46],"tags":[939],"class_list":["post-61117","post","type-post","status-publish","format-standard","has-post-thumbnail","hentry","category-minuto-a-minuto","category-zona-blanca","tag-salomon-jara-cruz"],"jetpack_featured_media_url":"https:\/\/zonaroja.com.mx\/wp-content\/uploads\/2023\/10\/Salomon-Jara-conferencia-CIRRSU.jpg","jetpack_sharing_enabled":true,"_links":{"self":[{"href":"https:\/\/zonaroja.com.mx\/index.php?rest_route=\/wp\/v2\/posts\/61117","targetHints":{"allow":["GET"]}}],"collection":[{"href":"https:\/\/zonaroja.com.mx\/index.php?rest_route=\/wp\/v2\/posts"}],"about":[{"href":"https:\/\/zonaroja.com.mx\/index.php?rest_route=\/wp\/v2\/types\/post"}],"author":[{"embeddable":true,"href":"https:\/\/zonaroja.com.mx\/index.php?rest_route=\/wp\/v2\/users\/2"}],"replies":[{"embeddable":true,"href":"https:\/\/zonaroja.com.mx\/index.php?rest_route=%2Fwp%2Fv2%2Fcomments&post=61117"}],"version-history":[{"count":1,"href":"https:\/\/zonaroja.com.mx\/index.php?rest_route=\/wp\/v2\/posts\/61117\/revisions"}],"predecessor-version":[{"id":61119,"href":"https:\/\/zonaroja.com.mx\/index.php?rest_route=\/wp\/v2\/posts\/61117\/revisions\/61119"}],"wp:featuredmedia":[{"embeddable":true,"href":"https:\/\/zonaroja.com.mx\/index.php?rest_route=\/wp\/v2\/media\/61118"}],"wp:attachment":[{"href":"https:\/\/zonaroja.com.mx\/index.php?rest_route=%2Fwp%2Fv2%2Fmedia&parent=61117"}],"wp:term":[{"taxonomy":"category","embeddable":true,"href":"https:\/\/zonaroja.com.mx\/index.php?rest_route=%2Fwp%2Fv2%2Fcategories&post=61117"},{"taxonomy":"post_tag","embeddable":true,"href":"https:\/\/zonaroja.com.mx\/index.php?rest_route=%2Fwp%2Fv2%2Ftags&post=61117"}],"curies":[{"name":"wp","href":"https:\/\/api.w.org\/{rel}","templated":true}]}}