{"id":61124,"date":"2023-10-18T19:56:49","date_gmt":"2023-10-19T00:56:49","guid":{"rendered":"http:\/\/www.zonaroja.com.mx\/?p=61124"},"modified":"2023-10-18T20:09:17","modified_gmt":"2023-10-19T01:09:17","slug":"ejecutan-a-otra-autoridad-municipal-ahora-en-el-istmo","status":"publish","type":"post","link":"https:\/\/zonaroja.com.mx\/?p=61124","title":{"rendered":"Ejecutan a otra autoridad municipal, ahora en el Istmo"},"content":{"rendered":"\n<p>Ismael Garc\u00eda M.\/Zona Roja.<\/p>\n\n\n\n<p>Oaxaca de Ju\u00e1rez, Oax., a 18 de octubre de 2023.- Una autoridad municipal fue asesinada a balazos, en la regi\u00f3n del Istmo de Tehuantepec.<\/p>\n\n\n\n<p>Se trata de Luis Alberto A. L., agente municipal de la localidad Nizza Pipi, perteneciente al municipio de Santa Mar\u00eda Mixtequilla, quien fue acribillado en la calle Francisco I. Madero, a la altura del tanque elevado de agua.<\/p>\n\n\n\n<p>Sujetos armados dispararon en contra de la autoridad, tras lo cual huyeron del sitio; perdi\u00f3 la vida al instante y presuntamente sus familiares se llevaron de inmediato el cuerpo.<\/p>\n\n\n\n<p>Personal de la Vicefiscal\u00eda Regional del Istmo, dependiente de la Fiscal\u00eda General del Estado de Oaxaca, inici\u00f3 con las indagatorias para dar con los responsables del crimen.<\/p>\n\n\n\n<p>Como se inform\u00f3 previamente, en el municipio de San Mart\u00edn Itunyoso, fue ultimado a balazos un s\u00edndico municipal, junto con otros dos integrantes de su familia, adem\u00e1s de calcinar su veh\u00edculo.<\/p>\n","protected":false},"excerpt":{"rendered":"<p>Ismael Garc\u00eda M.\/Zona Roja. Oaxaca de Ju\u00e1rez, Oax., a 18 de octubre de 2023.- Una&hellip;<\/p>\n","protected":false},"author":2,"featured_media":61126,"comment_status":"closed","ping_status":"open","sticky":false,"template":"","format":"standard","meta":{"_lmt_disableupdate":"","_lmt_disable":"","_jetpack_memberships_contains_paid_content":false,"footnotes":""},"categories":[109,51],"tags":[2138],"class_list":["post-61124","post","type-post","status-publish","format-standard","has-post-thumbnail","hentry","category-minuto-a-minuto","category-zona-roja","tag-santa-maria-mixtequilla"],"jetpack_featured_media_url":"https:\/\/zonaroja.com.mx\/wp-content\/uploads\/2023\/10\/ASesinado-Santa-Maria-Mixtequilla.jpg","jetpack_sharing_enabled":true,"_links":{"self":[{"href":"https:\/\/zonaroja.com.mx\/index.php?rest_route=\/wp\/v2\/posts\/61124","targetHints":{"allow":["GET"]}}],"collection":[{"href":"https:\/\/zonaroja.com.mx\/index.php?rest_route=\/wp\/v2\/posts"}],"about":[{"href":"https:\/\/zonaroja.com.mx\/index.php?rest_route=\/wp\/v2\/types\/post"}],"author":[{"embeddable":true,"href":"https:\/\/zonaroja.com.mx\/index.php?rest_route=\/wp\/v2\/users\/2"}],"replies":[{"embeddable":true,"href":"https:\/\/zonaroja.com.mx\/index.php?rest_route=%2Fwp%2Fv2%2Fcomments&post=61124"}],"version-history":[{"count":2,"href":"https:\/\/zonaroja.com.mx\/index.php?rest_route=\/wp\/v2\/posts\/61124\/revisions"}],"predecessor-version":[{"id":61128,"href":"https:\/\/zonaroja.com.mx\/index.php?rest_route=\/wp\/v2\/posts\/61124\/revisions\/61128"}],"wp:featuredmedia":[{"embeddable":true,"href":"https:\/\/zonaroja.com.mx\/index.php?rest_route=\/wp\/v2\/media\/61126"}],"wp:attachment":[{"href":"https:\/\/zonaroja.com.mx\/index.php?rest_route=%2Fwp%2Fv2%2Fmedia&parent=61124"}],"wp:term":[{"taxonomy":"category","embeddable":true,"href":"https:\/\/zonaroja.com.mx\/index.php?rest_route=%2Fwp%2Fv2%2Fcategories&post=61124"},{"taxonomy":"post_tag","embeddable":true,"href":"https:\/\/zonaroja.com.mx\/index.php?rest_route=%2Fwp%2Fv2%2Ftags&post=61124"}],"curies":[{"name":"wp","href":"https:\/\/api.w.org\/{rel}","templated":true}]}}