{"id":6113,"date":"2019-11-27T07:51:00","date_gmt":"2019-11-27T13:51:00","guid":{"rendered":"http:\/\/www.zonaroja.com.mx\/?p=6113"},"modified":"2019-11-27T07:51:03","modified_gmt":"2019-11-27T13:51:03","slug":"llegan-a-la-capital-del-pais-padres-de-tlacolula-para-pedir-ayuda-a-amlo","status":"publish","type":"post","link":"https:\/\/zonaroja.com.mx\/?p=6113","title":{"rendered":"Llegan a la capital del pa\u00eds padres de Tlacolula para pedir ayuda a AMLO"},"content":{"rendered":"\n<p>Redacci\u00f3n\/Zona Roja.<\/p>\n\n\n\n<p>Oaxaca de Ju\u00e1rez, Oax., 27 de noviembre\nde 2019.- Al grito de \u00a1Soluci\u00f3n, soluci\u00f3n, no queremos represi\u00f3n! \u00a1Soluci\u00f3n,\nsoluci\u00f3n, no queremos represi\u00f3n!, ni\u00f1os, padres de familia y docentes de la\nSecci\u00f3n 22 protestan de manera pac\u00edfica desde las cinco de la ma\u00f1ana de hoy\nfrente a Palacio Nacional, en la Ciudad de M\u00e9xico.<\/p>\n\n\n\n<p>Son cerca de un centenar de personas originarias de Oaxaca, que exigen, desde hace m\u00e1s de tres meses, que contin\u00faen las obras de rehabilitaci\u00f3n de dos planteles en un edificio, las primarias \u201cPresidente L\u00f3pez Mateos\u201d y \u201cSor Juana In\u00e9s de la Cruz\u201d, en Tlacolula de Matamoros.<\/p>\n\n\n\n<figure class=\"wp-block-embed-twitter wp-block-embed is-type-rich is-provider-twitter\"><div class=\"wp-block-embed__wrapper\">\n<div class=\"twitter-tweet\"><blockquote class=\"twitter-tweet\" data-lang=\"es\"><p lang=\"es\" dir=\"ltr\"><a href=\"https:\/\/twitter.com\/hashtag\/OaxacaGris?src=hash&amp;ref_src=twsrc%5Etfw\">#OaxacaGris<\/a><br>Ante nula atenci\u00f3n de autoridades del <a href=\"https:\/\/twitter.com\/GobOax?ref_src=twsrc%5Etfw\">@goboax<\/a>, con consignas al estilo de la Secci\u00f3n 22, as\u00ed protestan escolares de Tlacolula frente al Palacio Nacional, para exigir intervenci\u00f3n de la SEP y del Presidente <a href=\"https:\/\/twitter.com\/lopezobrador_?ref_src=twsrc%5Etfw\">@lopezobrador_<\/a> en el conflicto de dos escuelas. <br>Video:Notimex <a href=\"https:\/\/t.co\/zgBtON1g2Z\">pic.twitter.com\/zgBtON1g2Z<\/a><\/p>&mdash; Zona Roja Oaxaca (@MexRoja) <a href=\"https:\/\/twitter.com\/MexRoja\/status\/1199685893961003009?ref_src=twsrc%5Etfw\">27 de noviembre de 2019<\/a><\/blockquote><\/div>\n<\/div><\/figure>\n\n\n\n<p>El inmueble fue da\u00f1ado por los sismos de\nseptiembre de 2017 y no fue sino hasta mediados de este a\u00f1o que fueron\nautorizados alrededor de siete millones de pesos para su reconstrucci\u00f3n.<\/p>\n\n\n\n<p>Pero a partir de ello se han suscitado\nuna serie de conflictos, que incluyen tres actos violentos con agresiones\nincluso a polic\u00edas, por parte de un grupo presuntamente denominada Asamblea\nCiudadana de Tlacolula, apoyada por el edil Carlos Le\u00f3n Monterrubio, del Partido\nMorena, que impide la reconstrucci\u00f3n y exige remover el plantel a otro sitio.<\/p>\n\n\n\n<p>Desde entonces, ni\u00f1os y padres de\nfamilia, apoyados por maestros de la Secci\u00f3n 22, han exigido atenci\u00f3n de las\nautoridades estatales, as\u00ed como alto a las agresiones y que se permita\ncontinuar la obra.<\/p>\n\n\n\n<p>Ayer por la tarde en conferencia de\nprensa en el z\u00f3calo de la capital, anunciaron su caravana hacia la Ciudad de\nM\u00e9xico, misma que lleg\u00f3 hoy por la madrugada.<\/p>\n\n\n\n<p>Luego de protestar frente al Palacio Nacional, prev\u00e9n acudir a la sede de la Secretar\u00eda de Educaci\u00f3n P\u00fablica, para pedir su intervenci\u00f3n.<\/p>\n\n\n\n<figure class=\"wp-block-embed-twitter wp-block-embed is-type-rich is-provider-twitter\"><div class=\"wp-block-embed__wrapper\">\n<div class=\"twitter-tweet\"><blockquote class=\"twitter-tweet\" data-lang=\"es\"><p lang=\"es\" dir=\"ltr\"><a href=\"https:\/\/twitter.com\/hashtag\/OaxacaGris?src=hash&amp;ref_src=twsrc%5Etfw\">#OaxacaGris<\/a><br>Ante la desatenci\u00f3n gubernamental estatal y municipal a la problem\u00e1tica en dos planteles de Tlacolula de Matamoros, padres de familia, ni\u00f1os y docentes parten hoy en caravana a la Ciudad de M\u00e9xico, para exigir intervenci\u00f3n del Presidente <a href=\"https:\/\/twitter.com\/lopezobrador_?ref_src=twsrc%5Etfw\">@lopezobrador_<\/a>. <a href=\"https:\/\/t.co\/p5J4vWJ9zP\">pic.twitter.com\/p5J4vWJ9zP<\/a><\/p>&mdash; Zona Roja Oaxaca (@MexRoja) <a href=\"https:\/\/twitter.com\/MexRoja\/status\/1199483282943029250?ref_src=twsrc%5Etfw\">27 de noviembre de 2019<\/a><\/blockquote><\/div>\n<\/div><\/figure>\n","protected":false},"excerpt":{"rendered":"<p>Redacci\u00f3n\/Zona Roja. Oaxaca de Ju\u00e1rez, Oax., 27 de noviembre de 2019.- Al grito de \u00a1Soluci\u00f3n,&hellip;<\/p>\n","protected":false},"author":2,"featured_media":6114,"comment_status":"closed","ping_status":"open","sticky":false,"template":"","format":"standard","meta":{"_lmt_disableupdate":"","_lmt_disable":"","_jetpack_memberships_contains_paid_content":false,"footnotes":""},"categories":[109,47],"tags":[127],"class_list":["post-6113","post","type-post","status-publish","format-standard","has-post-thumbnail","hentry","category-minuto-a-minuto","category-zona-gris","tag-tlacolula-de-matamoros"],"jetpack_featured_media_url":"https:\/\/zonaroja.com.mx\/wp-content\/uploads\/2019\/11\/IMG_2452.jpg","jetpack_sharing_enabled":true,"_links":{"self":[{"href":"https:\/\/zonaroja.com.mx\/index.php?rest_route=\/wp\/v2\/posts\/6113","targetHints":{"allow":["GET"]}}],"collection":[{"href":"https:\/\/zonaroja.com.mx\/index.php?rest_route=\/wp\/v2\/posts"}],"about":[{"href":"https:\/\/zonaroja.com.mx\/index.php?rest_route=\/wp\/v2\/types\/post"}],"author":[{"embeddable":true,"href":"https:\/\/zonaroja.com.mx\/index.php?rest_route=\/wp\/v2\/users\/2"}],"replies":[{"embeddable":true,"href":"https:\/\/zonaroja.com.mx\/index.php?rest_route=%2Fwp%2Fv2%2Fcomments&post=6113"}],"version-history":[{"count":1,"href":"https:\/\/zonaroja.com.mx\/index.php?rest_route=\/wp\/v2\/posts\/6113\/revisions"}],"predecessor-version":[{"id":6115,"href":"https:\/\/zonaroja.com.mx\/index.php?rest_route=\/wp\/v2\/posts\/6113\/revisions\/6115"}],"wp:featuredmedia":[{"embeddable":true,"href":"https:\/\/zonaroja.com.mx\/index.php?rest_route=\/wp\/v2\/media\/6114"}],"wp:attachment":[{"href":"https:\/\/zonaroja.com.mx\/index.php?rest_route=%2Fwp%2Fv2%2Fmedia&parent=6113"}],"wp:term":[{"taxonomy":"category","embeddable":true,"href":"https:\/\/zonaroja.com.mx\/index.php?rest_route=%2Fwp%2Fv2%2Fcategories&post=6113"},{"taxonomy":"post_tag","embeddable":true,"href":"https:\/\/zonaroja.com.mx\/index.php?rest_route=%2Fwp%2Fv2%2Ftags&post=6113"}],"curies":[{"name":"wp","href":"https:\/\/api.w.org\/{rel}","templated":true}]}}