{"id":61131,"date":"2023-10-18T21:53:07","date_gmt":"2023-10-19T02:53:07","guid":{"rendered":"http:\/\/www.zonaroja.com.mx\/?p=61131"},"modified":"2023-10-18T21:53:09","modified_gmt":"2023-10-19T02:53:09","slug":"ingresan-policias-y-gn-a-itunyoso-fiscalia-indaga-crimenes","status":"publish","type":"post","link":"https:\/\/zonaroja.com.mx\/?p=61131","title":{"rendered":"Ingresan polic\u00edas y GN a Itunyoso; Fiscal\u00eda indaga cr\u00edmenes"},"content":{"rendered":"\n<p>Redacci\u00f3n\/Zona Roja.<\/p>\n\n\n\n<p>Oaxaca de Ju\u00e1rez, Oax., a 18 de octubre de 2023.- La Fiscal\u00eda General del Estado de Oaxaca (FGEO) trabaja en estrecha coordinaci\u00f3n y realiza un operativo conjunto con la Secretar\u00eda de la Defensa Nacional (Sedena), Guardia Nacional (GN), Secretar\u00eda de Seguridad y Protecci\u00f3n Ciudadana (SSPC) y Secretar\u00eda de Gobierno (Sego) en San Mart\u00edn Itunyoso, luego de los homicidios del S\u00edndico Municipal de la localidad, A.G.R.; su esposa, M.F.J.B. y su hija, M.G.F.<\/p>\n\n\n\n<p>Tras recibir el reporte de la agresi\u00f3n contra la citada autoridad de la localidad e integrantes de su familia, la Vicefiscal\u00eda Regional de la Mixteca inici\u00f3 con la carpeta de investigaci\u00f3n, adem\u00e1s de enviar un equipo multidisciplinario a la localidad.<\/p>\n\n\n\n<p>Por su parte, el fiscal General, Bernardo Rodr\u00edguez Alamilla estableci\u00f3 coordinaci\u00f3n con personal de seguridad federal y estatal, para ingresar a la poblaci\u00f3n, por lo que la tarde de este mi\u00e9rcoles 18 de octubre, el operativo de seguridad lleg\u00f3 a San Mart\u00edn Itunyoso.<\/p>\n\n\n\n<p>Expertos en distintas \u00e1reas periciales llevaron a cabo el procesamiento del lugar, donde encontraron una camioneta calcinada, al interior de la cual fueron rescatados tres cuerpos pertenecientes a un hombre, una mujer adulta y una ni\u00f1a.<\/p>\n\n\n\n<p>La Fiscal\u00eda de Oaxaca tiene el compromiso de realizar las labores necesarias para que las v\u00edctimas accedan plenamente a la justicia, por lo que se emplean t\u00e9cnicas especializadas y trabajos cient\u00edficos para tener certeza en los resultados de las investigaciones ministeriales.<\/p>\n","protected":false},"excerpt":{"rendered":"<p>Redacci\u00f3n\/Zona Roja. Oaxaca de Ju\u00e1rez, Oax., a 18 de octubre de 2023.- La Fiscal\u00eda General&hellip;<\/p>\n","protected":false},"author":2,"featured_media":61133,"comment_status":"closed","ping_status":"open","sticky":false,"template":"","format":"standard","meta":{"_lmt_disableupdate":"","_lmt_disable":"","_jetpack_memberships_contains_paid_content":false,"footnotes":""},"categories":[109,46],"tags":[494,881],"class_list":["post-61131","post","type-post","status-publish","format-standard","has-post-thumbnail","hentry","category-minuto-a-minuto","category-zona-blanca","tag-fiscalia-general-del-estado-de-oaxaca","tag-san-martin-itunyoso"],"jetpack_featured_media_url":"https:\/\/zonaroja.com.mx\/wp-content\/uploads\/2023\/10\/Policias-y-Fiscalia-en-Itunyoso.jpeg","jetpack_sharing_enabled":true,"_links":{"self":[{"href":"https:\/\/zonaroja.com.mx\/index.php?rest_route=\/wp\/v2\/posts\/61131","targetHints":{"allow":["GET"]}}],"collection":[{"href":"https:\/\/zonaroja.com.mx\/index.php?rest_route=\/wp\/v2\/posts"}],"about":[{"href":"https:\/\/zonaroja.com.mx\/index.php?rest_route=\/wp\/v2\/types\/post"}],"author":[{"embeddable":true,"href":"https:\/\/zonaroja.com.mx\/index.php?rest_route=\/wp\/v2\/users\/2"}],"replies":[{"embeddable":true,"href":"https:\/\/zonaroja.com.mx\/index.php?rest_route=%2Fwp%2Fv2%2Fcomments&post=61131"}],"version-history":[{"count":1,"href":"https:\/\/zonaroja.com.mx\/index.php?rest_route=\/wp\/v2\/posts\/61131\/revisions"}],"predecessor-version":[{"id":61134,"href":"https:\/\/zonaroja.com.mx\/index.php?rest_route=\/wp\/v2\/posts\/61131\/revisions\/61134"}],"wp:featuredmedia":[{"embeddable":true,"href":"https:\/\/zonaroja.com.mx\/index.php?rest_route=\/wp\/v2\/media\/61133"}],"wp:attachment":[{"href":"https:\/\/zonaroja.com.mx\/index.php?rest_route=%2Fwp%2Fv2%2Fmedia&parent=61131"}],"wp:term":[{"taxonomy":"category","embeddable":true,"href":"https:\/\/zonaroja.com.mx\/index.php?rest_route=%2Fwp%2Fv2%2Fcategories&post=61131"},{"taxonomy":"post_tag","embeddable":true,"href":"https:\/\/zonaroja.com.mx\/index.php?rest_route=%2Fwp%2Fv2%2Ftags&post=61131"}],"curies":[{"name":"wp","href":"https:\/\/api.w.org\/{rel}","templated":true}]}}