{"id":61138,"date":"2023-10-19T07:47:58","date_gmt":"2023-10-19T12:47:58","guid":{"rendered":"http:\/\/www.zonaroja.com.mx\/?p=61138"},"modified":"2023-10-19T07:48:01","modified_gmt":"2023-10-19T12:48:01","slug":"intentaron-asesinar-a-sacerdote-en-guerrero-tras-salir-de-la-normal-de-ayotzinapa","status":"publish","type":"post","link":"https:\/\/zonaroja.com.mx\/?p=61138","title":{"rendered":"Intentaron asesinar a sacerdote en Guerrero, tras salir de la Normal de Ayotzinapa"},"content":{"rendered":"\n<p>Redacci\u00f3n\/Zona Roja Cdmx.<\/p>\n\n\n\n<p>Ciudad de M\u00e9xico, a 19 de octubre de 2023.-El padre Filiberto Vel\u00e1zquez Florencio, director del Centro \u201cMinerva Bello\u201d, fue advertido horas antes de sufrir el atentado en su contra la madrugada del 18 de octubre, luego de salir de la Escuela Normal Rural \u201cRa\u00fal Isidro Burgos\u201d en Guerrero.<\/p>\n\n\n\n<p>En entrevista con Infobae M\u00e9xico, el director del Centro de Derechos Humanos asegur\u00f3 que no hab\u00eda recibido amenazas de muerte, pero si le hac\u00edan llegar otros mensajes a trav\u00e9s de WhatsApp.<\/p>\n\n\n\n<p>\u201cNunca me han amenazado que te vamos a matar, pero s\u00ed como que hab\u00eda mensajes de ya sabemos que est\u00e1s haciendo o porque est\u00e1s trabajando y ayudando en tal lugar\u201d, dijo en entrevista.<\/p>\n\n\n\n<p>Agreg\u00f3 que estos mensajes de alguna manera los asociaban con un grupo o el otro, dependiendo en qu\u00e9 lugar se encontraban por el hecho de hacer las denuncias de los actos violentos.<\/p>\n\n\n\n<p>\u201cEl mismo d\u00eda me habl\u00f3 una persona, no voy a decir su profesi\u00f3n, pero pues cercana a m\u00ed; me habl\u00f3 preocup\u00e1ndose por m\u00ed y dici\u00e9ndome que me cuidara, (y me ofreci\u00f3) acercarme a un grupo (criminal) para que estuviera protegido\u201d, explic\u00f3 a esta casa editorial.<\/p>\n\n\n\n<p>Asegur\u00f3 que le pregunt\u00f3 si sab\u00eda algo por el cu\u00e1l le estaban haciendo \u201cla invitaci\u00f3n\u201d ya que le caus\u00f3&nbsp; extra\u00f1eza la llamada, pero no le mencionaron algo al respecto, por lo que afirm\u00f3 que posiblemente le advirtieron del atentado en su contra horas m\u00e1s tarde.<\/p>\n\n\n\n<p>El sacerdote Filiberto Vel\u00e1zquez, que ha denunciado p\u00fablicamente los ataques con drones en distintas comunidades de Guerrero bajo el contexto de pugna entre \u201cLa Familia Michoacana\u201d y \u201cLos Tlacos\u201d desde el pasado mes de mayo hasta la fecha, se encuentra en el Mecanismo de Protecci\u00f3n para Personas Defensoras de Derechos Humanos y Periodistas, mismo que fue auxiliado varios minutos despu\u00e9s del atentado de ayer por la ma\u00f1ana.<\/p>\n\n\n\n<p>NO FUE CONFUNDIDO<\/p>\n\n\n\n<p>Al ser cuestionado si los sicarios, que viajaban en una motocicleta y que le dispararon en dos ocasiones, uno en el parabrisas \u2014del lado del conductor\u2014 y otro en una llanta, lo pudieron haber confundido con otra persona, el sacerdote asegur\u00f3 que su veh\u00edculo tiene algo muy distintivo que es dif\u00edcil que lo confundan a simple vista.<\/p>\n\n\n\n<p>Vel\u00e1zquez Florencio asegur\u00f3 que el mecanismo nacional y estatal le ofrecieron sacarlo de Guerrero y llevarlo a otra entidad para que pueda ejercer su profesi\u00f3n, pero lo rechaz\u00f3.<\/p>\n\n\n\n<p>\u201cNo lo voy hacer. Siento que el hecho de permanecer aqu\u00ed (en Guerrero) es un acto de solidaridad con los que aqu\u00ed viven en esta realidad y pues (mi decisi\u00f3n) abri\u00f3 que eventualmente me aumenten las medidas de seguridad\u201d, explic\u00f3.<\/p>\n\n\n\n<p>Por estos hechos, la Di\u00f3cesis de Chilpancingo y Chilapa condenaron el atentado contra el padre Filiberto.<\/p>\n\n\n\n<p>\u201cNuestra m\u00e1s firme condena a la violencia contraria a la voluntad de Dios y a la ense\u00f1anza de la Iglesia que altera la convivencia pac\u00edfica deseada por la inmensa mayor\u00eda de la poblaci\u00f3n y que perturba profundamente la vida social. (&#8230;) Desde la Di\u00f3cesis de Chilpancingo &#8211; Chilapa se agradece su colaboraci\u00f3n a las autoridades a la espera de que estos hechos se esclarezcan plenamente. Asimismo, solicitamos a las autoridades garanticen tanto la vida como la seguridad f\u00edsica y emocional del Padre Filiberto Vel\u00e1zquez Florencio\u201d, se lee en el comunicado.<\/p>\n\n\n\n<p>La iglesia hizo hincapi\u00e9 en que el padre Filiberto ha documentado desde el&nbsp; Centro \u201cMinerva Bello\u201d los casos de personas desaparecidas, ejecuci\u00f3n extrajudicial, v\u00edctimas de desplazamiento forzado interno y otras graves violaciones a los derechos humanos \u201cque desafortunadamente experimenta la sociedad guerrerense\u201d.<\/p>\n\n\n\n<p>Adem\u00e1s de sus denuncias por los ataques con drones en distintas comunidades de Guerrero de los grupos del crimen organizado, que ha ocasionado la muerte de dos personas.<\/p>\n\n\n\n<p>(Informaci\u00f3n de Infobae M\u00e9xico)<\/p>\n","protected":false},"excerpt":{"rendered":"<p>Redacci\u00f3n\/Zona Roja Cdmx. Ciudad de M\u00e9xico, a 19 de octubre de 2023.-El padre Filiberto Vel\u00e1zquez&hellip;<\/p>\n","protected":false},"author":2,"featured_media":61139,"comment_status":"closed","ping_status":"open","sticky":false,"template":"","format":"standard","meta":{"_lmt_disableupdate":"","_lmt_disable":"","_jetpack_memberships_contains_paid_content":false,"footnotes":""},"categories":[109,47],"tags":[80],"class_list":["post-61138","post","type-post","status-publish","format-standard","has-post-thumbnail","hentry","category-minuto-a-minuto","category-zona-gris","tag-guerrero"],"jetpack_featured_media_url":"https:\/\/zonaroja.com.mx\/wp-content\/uploads\/2023\/10\/Sacerdote-Jose-Filiberto-Velasquez-Guerrero.jpeg","jetpack_sharing_enabled":true,"_links":{"self":[{"href":"https:\/\/zonaroja.com.mx\/index.php?rest_route=\/wp\/v2\/posts\/61138","targetHints":{"allow":["GET"]}}],"collection":[{"href":"https:\/\/zonaroja.com.mx\/index.php?rest_route=\/wp\/v2\/posts"}],"about":[{"href":"https:\/\/zonaroja.com.mx\/index.php?rest_route=\/wp\/v2\/types\/post"}],"author":[{"embeddable":true,"href":"https:\/\/zonaroja.com.mx\/index.php?rest_route=\/wp\/v2\/users\/2"}],"replies":[{"embeddable":true,"href":"https:\/\/zonaroja.com.mx\/index.php?rest_route=%2Fwp%2Fv2%2Fcomments&post=61138"}],"version-history":[{"count":1,"href":"https:\/\/zonaroja.com.mx\/index.php?rest_route=\/wp\/v2\/posts\/61138\/revisions"}],"predecessor-version":[{"id":61140,"href":"https:\/\/zonaroja.com.mx\/index.php?rest_route=\/wp\/v2\/posts\/61138\/revisions\/61140"}],"wp:featuredmedia":[{"embeddable":true,"href":"https:\/\/zonaroja.com.mx\/index.php?rest_route=\/wp\/v2\/media\/61139"}],"wp:attachment":[{"href":"https:\/\/zonaroja.com.mx\/index.php?rest_route=%2Fwp%2Fv2%2Fmedia&parent=61138"}],"wp:term":[{"taxonomy":"category","embeddable":true,"href":"https:\/\/zonaroja.com.mx\/index.php?rest_route=%2Fwp%2Fv2%2Fcategories&post=61138"},{"taxonomy":"post_tag","embeddable":true,"href":"https:\/\/zonaroja.com.mx\/index.php?rest_route=%2Fwp%2Fv2%2Ftags&post=61138"}],"curies":[{"name":"wp","href":"https:\/\/api.w.org\/{rel}","templated":true}]}}