{"id":61147,"date":"2023-10-19T11:25:00","date_gmt":"2023-10-19T16:25:00","guid":{"rendered":"http:\/\/www.zonaroja.com.mx\/?p=61147"},"modified":"2023-10-19T08:27:00","modified_gmt":"2023-10-19T13:27:00","slug":"confirma-tribunal-electoral-federal-que-amlo-y-comunicacion-social-violaron-ley","status":"publish","type":"post","link":"https:\/\/zonaroja.com.mx\/?p=61147","title":{"rendered":"Confirma Tribunal Electoral federal que AMLO y Comunicaci\u00f3n Social violaron ley"},"content":{"rendered":"\n<p>Redacci\u00f3n\/Zona Roja Cdmx.<\/p>\n\n\n\n<p>Ciudad de M\u00e9xico, a 19 de octubre de 2023.- La Sala Superior del Tribunal Electoral del Poder Judicial de la Federaci\u00f3n (TEPJF) confirm\u00f3 que el Presidente de la Rep\u00fablica y personal de Comunicaci\u00f3n Social del gobierno federal cometieron uso indebido de recursos p\u00fablicos, promoci\u00f3n personalizada y difusi\u00f3n de propaganda gubernamental durante la veda de los procesos de Coahuila y el estado de M\u00e9xico 2023.<\/p>\n\n\n\n<p>La controversia inici\u00f3 cuando el Partido de la Revoluci\u00f3n Democr\u00e1tica (PRD) y Jorge \u00c1lvarez M\u00e1ynez (diputado de Movimiento Ciudadano) hicieron la denuncia por las expresiones de la ma\u00f1anera del 2 de junio.<\/p>\n\n\n\n<p>La Sala Regional Especializada determin\u00f3 que hubo difusi\u00f3n de logros de gobierno durante la veda.<\/p>\n\n\n\n<p>Adem\u00e1s, estableci\u00f3 que se utilizaron recursos humanos y materiales indebidamente.<\/p>\n\n\n\n<p>Por tanto, dio vista al \u00d3rgano Interno de Control para que imponga las sanciones correspondientes y orden\u00f3 la inscripci\u00f3n de las personas responsables, salvo el presidente de la Rep\u00fablica, en el Cat\u00e1logo de sujetos sancionados en los procedimientos especiales sancionadores.<\/p>\n\n\n\n<p>Respecto del Presidente, si bien se determin\u00f3 su responsabilidad, se se\u00f1al\u00f3 que le aplica un r\u00e9gimen de excepci\u00f3n.<\/p>\n\n\n\n<p>En desacuerdo con lo anterior, las personas responsables acudieron ante la Sala Superior.<\/p>\n\n\n\n<p>El pleno, en sesi\u00f3n p\u00fablica presencial, a propuesta del magistrado Jos\u00e9 Luis Vargas, con la ausencia justificada del magistrado Indalfer Infante Gonzales, confirm\u00f3 la sentencia de la Sala Especializada.<\/p>\n\n\n\n<p>A\u00f1adi\u00f3 que la inscripci\u00f3n en el Cat\u00e1logo de sancionados es una herramienta para dar transparencia y publicidad a las sentencias.<\/p>\n\n\n\n<p>(Informaci\u00f3n de \u201cLa Jornada\u201d)<\/p>\n","protected":false},"excerpt":{"rendered":"<p>Redacci\u00f3n\/Zona Roja Cdmx. Ciudad de M\u00e9xico, a 19 de octubre de 2023.- La Sala Superior&hellip;<\/p>\n","protected":false},"author":2,"featured_media":59870,"comment_status":"closed","ping_status":"open","sticky":false,"template":"","format":"standard","meta":{"_lmt_disableupdate":"","_lmt_disable":"","_jetpack_memberships_contains_paid_content":false,"footnotes":""},"categories":[109,47],"tags":[143],"class_list":["post-61147","post","type-post","status-publish","format-standard","has-post-thumbnail","hentry","category-minuto-a-minuto","category-zona-gris","tag-andres-manuel-lopez-obrador"],"jetpack_featured_media_url":"https:\/\/zonaroja.com.mx\/wp-content\/uploads\/2023\/09\/Lopez-Obrador.jpg","jetpack_sharing_enabled":true,"_links":{"self":[{"href":"https:\/\/zonaroja.com.mx\/index.php?rest_route=\/wp\/v2\/posts\/61147","targetHints":{"allow":["GET"]}}],"collection":[{"href":"https:\/\/zonaroja.com.mx\/index.php?rest_route=\/wp\/v2\/posts"}],"about":[{"href":"https:\/\/zonaroja.com.mx\/index.php?rest_route=\/wp\/v2\/types\/post"}],"author":[{"embeddable":true,"href":"https:\/\/zonaroja.com.mx\/index.php?rest_route=\/wp\/v2\/users\/2"}],"replies":[{"embeddable":true,"href":"https:\/\/zonaroja.com.mx\/index.php?rest_route=%2Fwp%2Fv2%2Fcomments&post=61147"}],"version-history":[{"count":1,"href":"https:\/\/zonaroja.com.mx\/index.php?rest_route=\/wp\/v2\/posts\/61147\/revisions"}],"predecessor-version":[{"id":61148,"href":"https:\/\/zonaroja.com.mx\/index.php?rest_route=\/wp\/v2\/posts\/61147\/revisions\/61148"}],"wp:featuredmedia":[{"embeddable":true,"href":"https:\/\/zonaroja.com.mx\/index.php?rest_route=\/wp\/v2\/media\/59870"}],"wp:attachment":[{"href":"https:\/\/zonaroja.com.mx\/index.php?rest_route=%2Fwp%2Fv2%2Fmedia&parent=61147"}],"wp:term":[{"taxonomy":"category","embeddable":true,"href":"https:\/\/zonaroja.com.mx\/index.php?rest_route=%2Fwp%2Fv2%2Fcategories&post=61147"},{"taxonomy":"post_tag","embeddable":true,"href":"https:\/\/zonaroja.com.mx\/index.php?rest_route=%2Fwp%2Fv2%2Ftags&post=61147"}],"curies":[{"name":"wp","href":"https:\/\/api.w.org\/{rel}","templated":true}]}}