{"id":61151,"date":"2023-10-19T11:30:00","date_gmt":"2023-10-19T16:30:00","guid":{"rendered":"http:\/\/www.zonaroja.com.mx\/?p=61151"},"modified":"2023-10-19T08:38:18","modified_gmt":"2023-10-19T13:38:18","slug":"reconocen-a-antonino-morales-en-la-central-de-abasto","status":"publish","type":"post","link":"https:\/\/zonaroja.com.mx\/?p=61151","title":{"rendered":"Reconocen a Antonino Morales en la Central de Abasto"},"content":{"rendered":"\n<p>Raymundo Morales\/Zona Roja.<\/p>\n\n\n\n<p>Oaxaca de Ju\u00e1rez., Oax., a 19 de octubre de 2023.- Antes de ser pol\u00edtico, funcionario y campesino, Antonino Morales Toledo fue vendedor de mangos en la Central de Abasto de la ciudad de Oaxaca.<\/p>\n\n\n\n<p>As\u00ed se lo recordaron ayer, cuando el destacado militante del Partido Morena acudi\u00f3 al centro comercial popular m\u00e1s grande del estado.<\/p>\n\n\n\n<p>\u201cMis paisanas me hicieron recordar mi ni\u00f1ez junto a mi abuelita Na Tina Yan, con quien desde mi natal San Blas Atempa, ven\u00eda a vender mangos en este gran centro de comercio\u201d, cont\u00f3 emocionado.<\/p>\n\n\n\n<p>A\u00f1adi\u00f3:<\/p>\n\n\n\n<p>\u201cLos recuerdos resonaron en mi coraz\u00f3n, porque me hicieron recordar a mi abuelita y a mi madre, grandes mujeres que me hicieron la persona que hoy, soy\u201d.<\/p>\n\n\n\n<p>Morales Toledo fue invitado ayer a presidir una asamblea informativa en la colonia Cosijoeza, ubicado en los alrededores de la Central de Abasto de la capital oaxaque\u00f1a.<\/p>\n\n\n\n<p>El joven pol\u00edtico del Istmo destac\u00f3 que se siente orgulloso de sus ra\u00edces ind\u00edgenas zapotecas, y que la historia que guarda del esfuerzo de sus abuelos, es lo que lo encamina a trabajar con los valores y principios de la Cuarta Transformaci\u00f3n.&nbsp;<\/p>\n\n\n\n<p>Antonino Morales acudi\u00f3 a esta colonia y otras agencias de la capital del estado, a invitaci\u00f3n de los vecinos, para platicar sobre los grandes proyectos de transformaci\u00f3n que impulsa el Presidente Andr\u00e9s Manuel L\u00f3pez Obrador.<\/p>\n","protected":false},"excerpt":{"rendered":"<p>Raymundo Morales\/Zona Roja. Oaxaca de Ju\u00e1rez., Oax., a 19 de octubre de 2023.- Antes de&hellip;<\/p>\n","protected":false},"author":2,"featured_media":61152,"comment_status":"closed","ping_status":"open","sticky":false,"template":"","format":"standard","meta":{"_lmt_disableupdate":"","_lmt_disable":"","_jetpack_memberships_contains_paid_content":false,"footnotes":""},"categories":[109,46],"tags":[180],"class_list":["post-61151","post","type-post","status-publish","format-standard","has-post-thumbnail","hentry","category-minuto-a-minuto","category-zona-blanca","tag-antonino-morales-toledo"],"jetpack_featured_media_url":"https:\/\/zonaroja.com.mx\/wp-content\/uploads\/2023\/10\/Antonino-Morales-Central-de-Abasto.jpg","jetpack_sharing_enabled":true,"_links":{"self":[{"href":"https:\/\/zonaroja.com.mx\/index.php?rest_route=\/wp\/v2\/posts\/61151","targetHints":{"allow":["GET"]}}],"collection":[{"href":"https:\/\/zonaroja.com.mx\/index.php?rest_route=\/wp\/v2\/posts"}],"about":[{"href":"https:\/\/zonaroja.com.mx\/index.php?rest_route=\/wp\/v2\/types\/post"}],"author":[{"embeddable":true,"href":"https:\/\/zonaroja.com.mx\/index.php?rest_route=\/wp\/v2\/users\/2"}],"replies":[{"embeddable":true,"href":"https:\/\/zonaroja.com.mx\/index.php?rest_route=%2Fwp%2Fv2%2Fcomments&post=61151"}],"version-history":[{"count":1,"href":"https:\/\/zonaroja.com.mx\/index.php?rest_route=\/wp\/v2\/posts\/61151\/revisions"}],"predecessor-version":[{"id":61153,"href":"https:\/\/zonaroja.com.mx\/index.php?rest_route=\/wp\/v2\/posts\/61151\/revisions\/61153"}],"wp:featuredmedia":[{"embeddable":true,"href":"https:\/\/zonaroja.com.mx\/index.php?rest_route=\/wp\/v2\/media\/61152"}],"wp:attachment":[{"href":"https:\/\/zonaroja.com.mx\/index.php?rest_route=%2Fwp%2Fv2%2Fmedia&parent=61151"}],"wp:term":[{"taxonomy":"category","embeddable":true,"href":"https:\/\/zonaroja.com.mx\/index.php?rest_route=%2Fwp%2Fv2%2Fcategories&post=61151"},{"taxonomy":"post_tag","embeddable":true,"href":"https:\/\/zonaroja.com.mx\/index.php?rest_route=%2Fwp%2Fv2%2Ftags&post=61151"}],"curies":[{"name":"wp","href":"https:\/\/api.w.org\/{rel}","templated":true}]}}