{"id":61154,"date":"2023-10-19T14:30:00","date_gmt":"2023-10-19T19:30:00","guid":{"rendered":"http:\/\/www.zonaroja.com.mx\/?p=61154"},"modified":"2023-10-19T08:42:16","modified_gmt":"2023-10-19T13:42:16","slug":"construye-el-inpi-acuerdos-para-hacer-justicia-al-pueblo-yoreme-mayo","status":"publish","type":"post","link":"https:\/\/zonaroja.com.mx\/?p=61154","title":{"rendered":"Construye el INPI acuerdos para hacer justicia al pueblo Yoreme-Mayo"},"content":{"rendered":"\n<p>Redacci\u00f3n\/Zona Roja Cdmx.<\/p>\n\n\n\n<p>Ciudad de M\u00e9xico, a 19 de octubre de 2023.- Los planes de justicia tienen una importancia primordial para el gobierno de M\u00e9xico; se trata de hacer justicia a las comunidades que durante siglos han sido olvidadas y marginadas en la vida p\u00fablica nacional.<\/p>\n\n\n\n<p>En ello se reivindica la libre determinaci\u00f3n y autonom\u00eda, porque son los propios pueblos y comunidades quienes deben trazar la ruta de los acuerdos y soluciones, sostuvo el director general del Instituto Nacional de los Pueblos Ind\u00edgenas (INPI), Adelfo Regino Montes, al presidir una reuni\u00f3n de seguimiento del Plan de Justicia del Pueblo Yoreme-Mayo.<\/p>\n\n\n\n<p>A\u00f1adi\u00f3 que el gobierno del presidente Andr\u00e9s Manuel L\u00f3pez Obrador lo que est\u00e1 haciendo es acompa\u00f1ar en el proceso de construcci\u00f3n y materializaci\u00f3n del Plan de Justicia, pero \u201cson ustedes, sujetos de su propia historia, -quienes han vivido de manera hist\u00f3rica los problemas estructurales, &#8211; los que tienen en sus manos la soluci\u00f3n\u201d, asever\u00f3.<\/p>\n\n\n\n<p>El titular del INPI dijo que el gobierno de M\u00e9xico no asume la cl\u00e1sica actitud paternalista en donde ellos lo resuelven todo, \u201caqu\u00ed los problemas se tienen que resolver de manera conjunta, porque una premisa en la construcci\u00f3n de estos planes de justicia es que tiene que haber absoluta coordinaci\u00f3n entre los diversos niveles y \u00f3rdenes de gobierno con los leg\u00edtimos gobernantes y representantes del pueblo Yoreme-Mayo\u201d, puntualiz\u00f3.<\/p>\n\n\n\n<p>Recalc\u00f3 que lo que est\u00e1 haciendo el gobierno es decirles a los pueblos ind\u00edgenas que no est\u00e1n solos, que \u201ca su lado tienen un presidente comprometido con los pueblos originarios de M\u00e9xico, de manera especial con los pueblos originarios de Sonora y por eso hay cuatro planes de justicia en el estado; Plan de Justicia del pueblo Yaqui; Yoreme-Mayo, Seri y Guarij\u00edo\u201d, afirm\u00f3.<\/p>\n\n\n\n<p>Asimismo, dijo que en las reuniones de seguimiento y evaluaci\u00f3n en las que se abordaron 4 mesas de trabajo: Salud y Medicina tradicional; Infraestructura; Educaci\u00f3n, Econom\u00eda y Medio Ambiente-, es muy importante definir que hace falta para as\u00ed priorizar cada una de las acciones en el \u00faltimo a\u00f1o de gobierno del presidente L\u00f3pez Obrador.<\/p>\n\n\n\n<p>Por su parte, el director general de participaci\u00f3n social del gobierno del estado de Sonora, Luis Roberto Rodr\u00edguez Ter\u00e1n en representaci\u00f3n de la secretaria de Desarrollo Social, Wendy Brise\u00f1o Zuloaga, manifest\u00f3 que el gobierno el estado asume con mucha responsabilidad y compromiso los temas de justicia para el pueblo Yoreme-Mayo.<\/p>\n\n\n\n<p>Agreg\u00f3 que el Plan de Justicia requiere del valor de la sensibilidad, \u201cuna perspectiva creada por el presidente Andr\u00e9s Manuel L\u00f3pez Obrador y compartida por el gobernador del estado, Alfonso Durazo Monta\u00f1o en el que hay que trabajar a ras de suelo dando prioridad a quienes m\u00e1s lo necesitan\u201d.<\/p>\n\n\n\n<p>Reiter\u00f3 el compromiso del gobierno estatal para impulsar y concretar las demandas planteadas en el plan de justicia.<\/p>\n\n\n\n<p>ESTABLECEN ACUERDO<\/p>\n\n\n\n<p>En el tema de Salud y Bienestar se prioriz\u00f3 otorgar apoyo al proyecto de medicina tradicional \u201cEl Universo del Monte que Cura\u201d a la comunidad de Rancher\u00eda y \u201cNuestra Casa de la Medicina Tradicional\u201d a la comunidad de Moronc\u00e1rit, a trav\u00e9s del Programa para el Bienestar Integral de los Pueblos Ind\u00edgenas a partir de enero de 2024. Por su parte el IMSS-Bienestar se comprometi\u00f3 a presentar un informe de la transferencia de los hospitales y de las Unidades M\u00e9dicas Rurales de primer nivel, esto para llevar mayor bienestar a las comunidades de la regi\u00f3n. &nbsp;<\/p>\n\n\n\n<p>En la plenaria con respecto al tema de Educaci\u00f3n, el INPI acord\u00f3 hacer un an\u00e1lisis para la construcci\u00f3n o rehabilitaci\u00f3n seg\u00fan sea el caso de los comedores de la ni\u00f1ez en Buaysiacobe, Tesia, Nachuquis, Masiaca, Las Bocas y El J\u00fapare y Tierra Blanca, Mabejaqui y Yavaros.<\/p>\n\n\n\n<p>Mientras que el Consejo de Planificaci\u00f3n Ling\u00fc\u00edstica Comunitaria inform\u00f3 que ya ha entregado a diferentes instancias su Plan de Trabajo 2022 \u2013 2032 solicitando apoyo con proyectos para el fortalecimiento de la lengua Yoreme &#8211; Mayo.<\/p>\n\n\n\n<p>Del mismo modo en el tema de infraestructura, se acord\u00f3 buscar los mecanismos adecuados para realizar convenios de concertaci\u00f3n con las comunidades para la construcci\u00f3n de 9 caminos artesanales.<\/p>\n\n\n\n<p>En tanto, la Comisi\u00f3n Federal de Electricidad acord\u00f3 realizar la construcci\u00f3n de 3 proyectos autorizados dentro del Fondo de Servicio Universal El\u00e9ctrico con una inversi\u00f3n de 14.53 MDP en beneficio de 787 viviendas dentro del primer trimestre del a\u00f1o 2024.<\/p>\n\n\n\n<p>Mientras, que la Comisi\u00f3n Nacional de Vivienda acord\u00f3 ah\u00ed mismo terminar a finales de este a\u00f1o las mil 189 viviendas convenidas con un monto de 232.26 MDP.<\/p>\n\n\n\n<p>En cuanto la Comisi\u00f3n Nacional del Agua acord\u00f3 terminar las 5 obras de agua potable que se tienen autorizadas con un monto de 20 MDP tambi\u00e9n para finales de a\u00f1o. Asimismo, Conagua acord\u00f3 gestionar el recurso para la construcci\u00f3n de 20 proyectos de agua potable que se tienen validados para 20 localidades, as\u00ed tambi\u00e9n gestionar\u00e1 17.6 MDP para 2 proyectos de alcantarillado y saneamiento.<\/p>\n\n\n\n<p>Sobre el tema del caudal ecol\u00f3gico, la Conagua inform\u00f3 de manera preliminar que podr\u00edan orientarse alrededor de 2 millones de metros c\u00fabicos como caudal ecol\u00f3gico. La definici\u00f3n oficial se presentar\u00e1 en noviembre de 2023.<\/p>\n\n\n\n<p>Al igual se acord\u00f3 exhortar a la Profepa a entregar un informe donde se busca verificar el cumplimiento de la normativa por parte de empresas que contaminan el territorio Mayo y su litoral.<\/p>\n\n\n\n<p>Por \u00faltimo, en el tema de Econom\u00eda y Medio Ambiente se inform\u00f3 que se present\u00f3 a la Secretar\u00eda de Agricultura y Desarrollo Social, el Proyecto Estrat\u00e9gico de Pesca y se encuentra en evaluaci\u00f3n de presupuesto, en tanto, Conapesc continuar\u00e1 la gesti\u00f3n ante la Secretar\u00eda para lograr la suficiencia presupuestal.<\/p>\n\n\n\n<p>A la asamblea asistieron por parte de las autoridades tradicionales Yoreme-Mayo: Ubaldo L\u00f3pez Valenzuela, de Macoyahui, \u00c1lamos; Rosario Sombra Yocupicio, en representaci\u00f3n de Mar\u00eda del Rosario Avil\u00e9s Carl\u00f3n de Santa Cruz el J\u00fapare, Huatabampo; Aguileo F\u00e9lix Ayala, de Tesia, Navojoa; Juan de Dios Ozuna Valenzuela de Cohuirimpo, Navojoa; Santos Feliciano L\u00f3pez Cota de Camoa, Navojoa; y Marcos Moroyoqui Moroyoqui de Santa Cruz el J\u00fapare, Huatabampo, Remedios Severo Osuna Aguilar de Cohuirimpo, Navojoa, entre otros.<\/p>\n\n\n\n<p>Y de parte de las instituciones federales y estatales asistieron representantes de la Comisi\u00f3n Nacional del Agua, Comisi\u00f3n Nacional de Vivienda, Comisi\u00f3n Federal de Electricidad, Comisi\u00f3n Nacional Forestal, Comisi\u00f3n Nacional de \u00c1reas Naturales Protegidas, el Instituto Nacional de Lenguas Ind\u00edgenas, Comisi\u00f3n Nacional de Acuacultura y Pesca, Secretar\u00eda de Educaci\u00f3n P\u00fablica, y Servicios de Salud del Instituto Mexicano del Seguro Social para el Bienestar, entre otros.<\/p>\n","protected":false},"excerpt":{"rendered":"<p>Redacci\u00f3n\/Zona Roja Cdmx. Ciudad de M\u00e9xico, a 19 de octubre de 2023.- Los planes de&hellip;<\/p>\n","protected":false},"author":2,"featured_media":61155,"comment_status":"closed","ping_status":"open","sticky":false,"template":"","format":"standard","meta":{"_lmt_disableupdate":"","_lmt_disable":"","_jetpack_memberships_contains_paid_content":false,"footnotes":""},"categories":[109,46],"tags":[557],"class_list":["post-61154","post","type-post","status-publish","format-standard","has-post-thumbnail","hentry","category-minuto-a-minuto","category-zona-blanca","tag-adelfo-regino-montes"],"jetpack_featured_media_url":"https:\/\/zonaroja.com.mx\/wp-content\/uploads\/2023\/10\/INPI-Adelfo-Regino.jpg","jetpack_sharing_enabled":true,"_links":{"self":[{"href":"https:\/\/zonaroja.com.mx\/index.php?rest_route=\/wp\/v2\/posts\/61154","targetHints":{"allow":["GET"]}}],"collection":[{"href":"https:\/\/zonaroja.com.mx\/index.php?rest_route=\/wp\/v2\/posts"}],"about":[{"href":"https:\/\/zonaroja.com.mx\/index.php?rest_route=\/wp\/v2\/types\/post"}],"author":[{"embeddable":true,"href":"https:\/\/zonaroja.com.mx\/index.php?rest_route=\/wp\/v2\/users\/2"}],"replies":[{"embeddable":true,"href":"https:\/\/zonaroja.com.mx\/index.php?rest_route=%2Fwp%2Fv2%2Fcomments&post=61154"}],"version-history":[{"count":1,"href":"https:\/\/zonaroja.com.mx\/index.php?rest_route=\/wp\/v2\/posts\/61154\/revisions"}],"predecessor-version":[{"id":61156,"href":"https:\/\/zonaroja.com.mx\/index.php?rest_route=\/wp\/v2\/posts\/61154\/revisions\/61156"}],"wp:featuredmedia":[{"embeddable":true,"href":"https:\/\/zonaroja.com.mx\/index.php?rest_route=\/wp\/v2\/media\/61155"}],"wp:attachment":[{"href":"https:\/\/zonaroja.com.mx\/index.php?rest_route=%2Fwp%2Fv2%2Fmedia&parent=61154"}],"wp:term":[{"taxonomy":"category","embeddable":true,"href":"https:\/\/zonaroja.com.mx\/index.php?rest_route=%2Fwp%2Fv2%2Fcategories&post=61154"},{"taxonomy":"post_tag","embeddable":true,"href":"https:\/\/zonaroja.com.mx\/index.php?rest_route=%2Fwp%2Fv2%2Ftags&post=61154"}],"curies":[{"name":"wp","href":"https:\/\/api.w.org\/{rel}","templated":true}]}}