{"id":61159,"date":"2023-10-19T14:00:00","date_gmt":"2023-10-19T19:00:00","guid":{"rendered":"http:\/\/www.zonaroja.com.mx\/?p=61159"},"modified":"2023-10-19T08:57:07","modified_gmt":"2023-10-19T13:57:07","slug":"poder-judicial-lleva-programa-la-justicia-es-para-todas-y-todos-a-san-jose-del-progreso","status":"publish","type":"post","link":"https:\/\/zonaroja.com.mx\/?p=61159","title":{"rendered":"Poder Judicial lleva programa \u201cLa justicia es\u00a0para todas y todos\u201d\u00a0a San Jos\u00e9 del Progreso"},"content":{"rendered":"\n<p>Redacci\u00f3n\/Zona Roja.<\/p>\n\n\n\n<p>Oaxaca de Ju\u00e1rez, Oax., a 19 de octubre de 2023.- Como parte de las actividades para fomentar la cultura de la legalidad&nbsp;y acercar a&nbsp;ni\u00f1as, ni\u00f1os&nbsp;y j\u00f3venes&nbsp;al \u00e1mbito de la&nbsp;justicia, el Poder Judicial del Estado, a trav\u00e9s de la Escuela Judicial, llev\u00f3 el programa&nbsp;\u201cLa Justicia es para&nbsp;todas y&nbsp;todos\u201d,&nbsp;a la Escuela Primaria \u201cNicol\u00e1s Bravo\u201d, de San Jos\u00e9 del Progreso, Ocotl\u00e1n.<\/p>\n\n\n\n<p>Con actividades l\u00fadicas y did\u00e1cticas como la lectura&nbsp;de cuentos infantiles,&nbsp;relatos cortos,&nbsp;juegos, canciones y manualidades, personal especializado,&nbsp;utilizando&nbsp;un lenguaje sencillo,&nbsp;comparti\u00f3 con&nbsp;las y los estudiantes&nbsp;diferentes&nbsp;aspectos que les ayudar\u00e1n en su&nbsp;formaci\u00f3n humana, social y \u00e9tica.&nbsp;<\/p>\n\n\n\n<p>En entrevista, el director de la Escuela Judicial&nbsp;del Consejo de la Judicatura del Poder Judicial del Estado, maestro&nbsp;H\u00e9ctor V\u00e1zquez Quevedo&nbsp;explic\u00f3 que \u201cLa Justicia es para&nbsp;todas y&nbsp;todos\u201d,&nbsp;es un programa de fomento a la cultura&nbsp;jur\u00eddica que permite a la poblaci\u00f3n conocer el marco legal que ampara sus derechos, as\u00ed como las instancias a las que pueden acudir para hacerlos&nbsp;valer.<\/p>\n\n\n\n<p>Resalt\u00f3&nbsp;que est\u00e1 dirigido a estudiantes de educaci\u00f3n preescolar, primaria, secundaria y media superior&nbsp;con el objetivo de plantearles temas como los derechos de infancia, justicia para las y los adolescentes, discapacidad y violencia de g\u00e9nero; as\u00ed como&nbsp;documentos fundamentales relativos a la protecci\u00f3n de los derechos de las infancias y adolescencias, entre otros.&nbsp;<\/p>\n\n\n\n<p>Invit\u00f3 a&nbsp;directivos y profesores de&nbsp;las escuelas a solicitar una&nbsp;visita, a&nbsp;trav\u00e9s de la Escuela Judicial&nbsp;comunic\u00e1ndose al tel\u00e9fono&nbsp;951&nbsp;50166&nbsp;80&nbsp;extensi\u00f3n&nbsp;32018, o al correo electr\u00f3nico&nbsp;investigaciondocenciajudicial@gmail.com.&nbsp;<\/p>\n\n\n\n<p>El Poder Judicial del Estado a trav\u00e9s del programa&nbsp;\u201cLa Justicia es para&nbsp;todas y&nbsp;todos\u201d, contribuye al conocimiento de la funci\u00f3n de la instituci\u00f3n, los valores, la convivencia social, el respeto a las leyes y los derechos humanos.<\/p>\n","protected":false},"excerpt":{"rendered":"<p>Redacci\u00f3n\/Zona Roja. Oaxaca de Ju\u00e1rez, Oax., a 19 de octubre de 2023.- Como parte de&hellip;<\/p>\n","protected":false},"author":2,"featured_media":61160,"comment_status":"closed","ping_status":"open","sticky":false,"template":"","format":"standard","meta":{"_lmt_disableupdate":"","_lmt_disable":"","_jetpack_memberships_contains_paid_content":false,"footnotes":""},"categories":[109,46],"tags":[223],"class_list":["post-61159","post","type-post","status-publish","format-standard","has-post-thumbnail","hentry","category-minuto-a-minuto","category-zona-blanca","tag-poder-judicial-de-oaxaca"],"jetpack_featured_media_url":"https:\/\/zonaroja.com.mx\/wp-content\/uploads\/2023\/10\/Se-promueve-en-estudiantes-la-cultura-de-la-legalidad.jpg","jetpack_sharing_enabled":true,"_links":{"self":[{"href":"https:\/\/zonaroja.com.mx\/index.php?rest_route=\/wp\/v2\/posts\/61159","targetHints":{"allow":["GET"]}}],"collection":[{"href":"https:\/\/zonaroja.com.mx\/index.php?rest_route=\/wp\/v2\/posts"}],"about":[{"href":"https:\/\/zonaroja.com.mx\/index.php?rest_route=\/wp\/v2\/types\/post"}],"author":[{"embeddable":true,"href":"https:\/\/zonaroja.com.mx\/index.php?rest_route=\/wp\/v2\/users\/2"}],"replies":[{"embeddable":true,"href":"https:\/\/zonaroja.com.mx\/index.php?rest_route=%2Fwp%2Fv2%2Fcomments&post=61159"}],"version-history":[{"count":1,"href":"https:\/\/zonaroja.com.mx\/index.php?rest_route=\/wp\/v2\/posts\/61159\/revisions"}],"predecessor-version":[{"id":61161,"href":"https:\/\/zonaroja.com.mx\/index.php?rest_route=\/wp\/v2\/posts\/61159\/revisions\/61161"}],"wp:featuredmedia":[{"embeddable":true,"href":"https:\/\/zonaroja.com.mx\/index.php?rest_route=\/wp\/v2\/media\/61160"}],"wp:attachment":[{"href":"https:\/\/zonaroja.com.mx\/index.php?rest_route=%2Fwp%2Fv2%2Fmedia&parent=61159"}],"wp:term":[{"taxonomy":"category","embeddable":true,"href":"https:\/\/zonaroja.com.mx\/index.php?rest_route=%2Fwp%2Fv2%2Fcategories&post=61159"},{"taxonomy":"post_tag","embeddable":true,"href":"https:\/\/zonaroja.com.mx\/index.php?rest_route=%2Fwp%2Fv2%2Ftags&post=61159"}],"curies":[{"name":"wp","href":"https:\/\/api.w.org\/{rel}","templated":true}]}}