{"id":6116,"date":"2019-11-27T09:07:31","date_gmt":"2019-11-27T15:07:31","guid":{"rendered":"http:\/\/www.zonaroja.com.mx\/?p=6116"},"modified":"2019-11-27T09:07:34","modified_gmt":"2019-11-27T15:07:34","slug":"trump-calificaria-como-terroristas-a-narcos-mexicanos-para-atacarlos-con-mas-fuerza","status":"publish","type":"post","link":"https:\/\/zonaroja.com.mx\/?p=6116","title":{"rendered":"Trump calificar\u00eda como terroristas a narcos mexicanos para atacarlos con m\u00e1s fuerza"},"content":{"rendered":"\n<p>Redacci\u00f3n\/Zona Roja Cdmx.<\/p>\n\n\n\n<p>Ciudad de M\u00e9xico, 27 de noviembre de\n2019.- El presidente de los Estados Unidos de Norteam\u00e9rica, Donald Trump, dijo ayer\nque calificar\u00e1 a los c\u00e1rteles del narcotr\u00e1fico mexicanos de organizaciones\nextranjeras terroristas, con lo cual tendr\u00eda m\u00e1s poder para atacarlos e\nintentar erradicarlos.<\/p>\n\n\n\n<p>Desde Nueva York, expuso que lo ha\nevaluado durante meses aunque nadie en su gobierno, incluso ayer, hab\u00eda\ncomentado que se estaba contemplando esa medida. M\u00e1s a\u00fan, dijo que sigue en pie\nsu ofrecimiento al gobierno mexicano de entrar y limpiarlo todo.<\/p>\n\n\n\n<p>Ser\u00e1n designados, absolutamente,\nmanifest\u00f3 Trump en entrevista con el comentarista conservador Bill O\u2019Reilly en\nrelaci\u00f3n con los c\u00e1rteles mexicanos, y agreg\u00f3: he estado trabajando sobre eso\ndurante los \u00faltimos 90 d\u00edas.<\/p>\n\n\n\n<p>Trump sostuvo que esa designaci\u00f3n dar\u00e1\nm\u00e1s poder a Estados Unidos para enfrentar de manera efectiva el narcotr\u00e1fico y\nlos homicidios en este pa\u00eds. \u201cEstamos perdiendo a 100 mil personas al a\u00f1o con\nlo que est\u00e1 ocurriendo y lo que est\u00e1 llegando a trav\u00e9s de M\u00e9xico\u201d, respondi\u00f3\nante la afirmaci\u00f3n de O\u2019Reilly de que las drogas que provienen de M\u00e9xico matan\na m\u00e1s de 100 mil estadunidenses al a\u00f1o.<\/p>\n\n\n\n<p>Cuando le pregunt\u00f3 si al designarlos\nterroristas los atacar\u00e1 con drones, Trump respondi\u00f3: No voy a decir lo que voy\nhacer, pero insisti\u00f3 en que ser\u00e1n designados as\u00ed pr\u00f3ximamente.<\/p>\n\n\n\n<p>Coment\u00f3 que le hab\u00eda ofrecido al\npresidente mexicano \u201cque entr\u00e1ramos para limpiarlo todo\u201d, pero hasta ahora ha\nrechazado el ofrecimiento. Pero en alg\u00fan momento algo tiene que hacerse.<\/p>\n\n\n\n<p>Aclar\u00f3 que la designaci\u00f3n no est\u00e1 tan\nf\u00e1cil; \u201cuno, tiene que pasar por un proceso y ya estamos muy avanzados en ese\nproceso\u201d. La noticia pareci\u00f3 tomar a muchos por sorpresa ya que ning\u00fan otro\nfuncionario de su gobierno coment\u00f3 hoy o en d\u00edas recientes al respecto.<\/p>\n\n\n\n<p>Con todo, no es la primera vez que Trump\nconsidera esa medida. En marzo, declar\u00f3 que su gobierno estaba pensando\nseriamente en designar a los c\u00e1rteles como organizaciones terroristas. <\/p>\n\n\n\n<p>El Departamento de Estado es la entidad\nque designa a una organizaci\u00f3n extranjera como terrorista. La define como un\ngrupo que practica o tiene capacidad para practicar el terrorismo, de tal\nmanera que amenaza la seguridad de nacionales estadunidenses o la seguridad\nnacional de Estados Unidos.<\/p>\n\n\n\n<p>Una vez designados como organizaciones\nterroristas, es ilegal para cualquier persona en Estados Unidos brindarles\napoyo y toda instituci\u00f3n financiera debe bloquear cuentas y transacciones que\npodr\u00edan pertenecer o ser controlados por dichos grupos, cuyos integrantes\ntienen prohibido ingresar a Estados Unidos.<\/p>\n\n\n\n<p>(Con informaci\u00f3n de \u201cLa Jornada\u201d)<\/p>\n","protected":false},"excerpt":{"rendered":"<p>Redacci\u00f3n\/Zona Roja Cdmx. Ciudad de M\u00e9xico, 27 de noviembre de 2019.- El presidente de los&hellip;<\/p>\n","protected":false},"author":2,"featured_media":6117,"comment_status":"closed","ping_status":"open","sticky":false,"template":"","format":"standard","meta":{"_lmt_disableupdate":"","_lmt_disable":"","_jetpack_memberships_contains_paid_content":false,"footnotes":""},"categories":[109,47],"tags":[1060,1061],"class_list":["post-6116","post","type-post","status-publish","format-standard","has-post-thumbnail","hentry","category-minuto-a-minuto","category-zona-gris","tag-donald-trump","tag-narcos-terroristas"],"jetpack_featured_media_url":"https:\/\/zonaroja.com.mx\/wp-content\/uploads\/2019\/11\/narcos.jpg","jetpack_sharing_enabled":true,"_links":{"self":[{"href":"https:\/\/zonaroja.com.mx\/index.php?rest_route=\/wp\/v2\/posts\/6116","targetHints":{"allow":["GET"]}}],"collection":[{"href":"https:\/\/zonaroja.com.mx\/index.php?rest_route=\/wp\/v2\/posts"}],"about":[{"href":"https:\/\/zonaroja.com.mx\/index.php?rest_route=\/wp\/v2\/types\/post"}],"author":[{"embeddable":true,"href":"https:\/\/zonaroja.com.mx\/index.php?rest_route=\/wp\/v2\/users\/2"}],"replies":[{"embeddable":true,"href":"https:\/\/zonaroja.com.mx\/index.php?rest_route=%2Fwp%2Fv2%2Fcomments&post=6116"}],"version-history":[{"count":1,"href":"https:\/\/zonaroja.com.mx\/index.php?rest_route=\/wp\/v2\/posts\/6116\/revisions"}],"predecessor-version":[{"id":6118,"href":"https:\/\/zonaroja.com.mx\/index.php?rest_route=\/wp\/v2\/posts\/6116\/revisions\/6118"}],"wp:featuredmedia":[{"embeddable":true,"href":"https:\/\/zonaroja.com.mx\/index.php?rest_route=\/wp\/v2\/media\/6117"}],"wp:attachment":[{"href":"https:\/\/zonaroja.com.mx\/index.php?rest_route=%2Fwp%2Fv2%2Fmedia&parent=6116"}],"wp:term":[{"taxonomy":"category","embeddable":true,"href":"https:\/\/zonaroja.com.mx\/index.php?rest_route=%2Fwp%2Fv2%2Fcategories&post=6116"},{"taxonomy":"post_tag","embeddable":true,"href":"https:\/\/zonaroja.com.mx\/index.php?rest_route=%2Fwp%2Fv2%2Ftags&post=6116"}],"curies":[{"name":"wp","href":"https:\/\/api.w.org\/{rel}","templated":true}]}}