{"id":61162,"date":"2023-10-19T21:23:26","date_gmt":"2023-10-20T02:23:26","guid":{"rendered":"http:\/\/www.zonaroja.com.mx\/?p=61162"},"modified":"2023-10-19T21:23:28","modified_gmt":"2023-10-20T02:23:28","slug":"dejara-la-sedena-a-miles-de-familias-de-oaxaca-en-el-desamparo","status":"publish","type":"post","link":"https:\/\/zonaroja.com.mx\/?p=61162","title":{"rendered":"Dejar\u00e1 la Sedena a miles de familias de Oaxaca en el desamparo\u00a0"},"content":{"rendered":"\n<p>Ismael Garc\u00eda M.\/Zona Roja.<\/p>\n\n\n\n<p>Oaxaca de Ju\u00e1rez, Oax., a 19 de octubre de 2023.- Con la determinaci\u00f3n de que ser\u00e1 la Secretar\u00eda de la Defensa Nacional (Sedena) la que confeccione y entregue a partir de este a\u00f1o los uniformes escolares en Oaxaca, m\u00e1s de 100 microempresarios y unas 10 mil personas quedar\u00e1n en el desamparo.<\/p>\n\n\n\n<p>As\u00ed lo denunciaron este jueves proveedores de este tipo de prendas, en el exterior del Palacio de Gobierno, en que demandaron una mesa de trabajo con la Secretar\u00eda de Gobierno, para que les d\u00e9 una explicaci\u00f3n acerca de esta medida.<\/p>\n\n\n\n<p>\u201cHay falta de atenci\u00f3n e informaci\u00f3n por parte de las autoridades; el 2 de octubre pasado pedimos aqu\u00ed una reuni\u00f3n pero a la fecha no tenemos respuesta; nos han citado a reuniones en dos ocasiones pero lo \u00fanico que nos dicen es que los vales van pero no hay recursos para pagarlos\u201d, dijo Mar\u00eda Dolores \u00c1vila.<\/p>\n\n\n\n<p>Una de las representantes de los textileros denunci\u00f3 que tambi\u00e9n los padres de familia y los maestros no tienen informaci\u00f3n respecto a los uniformes escolares.<\/p>\n\n\n\n<p>\u201cA trav\u00e9s de nuestras industrias se le da trabajo a muchas personas, a madres que no pueden salir de sus hogares; m\u00ednimo a 10 mil personas son a las que generamos empleos; lo \u00fanico que pedimos es que el gobernador nos atienda\u201d, detall\u00f3 la microempresaria.<\/p>\n\n\n\n<p>Por su parte, otro proveedor reforz\u00f3 que el 17 de octubre fueron convocados supuestamente para definir la entrega de los vales, pero las decisiones ya se hab\u00edan tomado, respecto a la cancelaci\u00f3n de los contratos para la elaboraci\u00f3n de las prendas.<\/p>\n\n\n\n<p>\u201cLo que estamos reclamando es, primero, que se contin\u00fae el proceso de la convocatoria que el gobierno de Salom\u00f3n Jara gener\u00f3 el 6 de julio y despu\u00e9s de manera misteriosa lo desapareci\u00f3.<\/p>\n\n\n\n<p>Por ello, de no haber respuestas satisfactorias, anunciaron una marcha-caravana hacia la Ciudad de M\u00e9xico, para exigir la intervenci\u00f3n del Presidente Andr\u00e9s Manuel L\u00f3pez Obrador.<\/p>\n\n\n\n<p>Despu\u00e9s del mediod\u00eda, los inconformes fueron atendidos en una audiencia en el Palacio de Gobierno; sin embargo, hasta el momento se desconocen los acuerdos alcanzados.<\/p>\n\n\n\n<p>Fue el titular del IEEPO, Emilio Montero P\u00e9rez, quien dio a conocer la determinaci\u00f3n de que ser\u00e1 la Sedena la que confeccione los uniformes y alarde\u00f3 incluso en un video que ser\u00e1 una medida favorable para las familias con hijos en las escuelas.<\/p>\n","protected":false},"excerpt":{"rendered":"<p>Ismael Garc\u00eda M.\/Zona Roja. Oaxaca de Ju\u00e1rez, Oax., a 19 de octubre de 2023.- Con&hellip;<\/p>\n","protected":false},"author":2,"featured_media":61163,"comment_status":"closed","ping_status":"open","sticky":false,"template":"","format":"standard","meta":{"_lmt_disableupdate":"","_lmt_disable":"","_jetpack_memberships_contains_paid_content":false,"footnotes":""},"categories":[109,47],"tags":[],"class_list":["post-61162","post","type-post","status-publish","format-standard","has-post-thumbnail","hentry","category-minuto-a-minuto","category-zona-gris"],"jetpack_featured_media_url":"https:\/\/zonaroja.com.mx\/wp-content\/uploads\/2023\/10\/Protesta-proveedores-de-uniformes-escolares-Oaxaca.jpg","jetpack_sharing_enabled":true,"_links":{"self":[{"href":"https:\/\/zonaroja.com.mx\/index.php?rest_route=\/wp\/v2\/posts\/61162","targetHints":{"allow":["GET"]}}],"collection":[{"href":"https:\/\/zonaroja.com.mx\/index.php?rest_route=\/wp\/v2\/posts"}],"about":[{"href":"https:\/\/zonaroja.com.mx\/index.php?rest_route=\/wp\/v2\/types\/post"}],"author":[{"embeddable":true,"href":"https:\/\/zonaroja.com.mx\/index.php?rest_route=\/wp\/v2\/users\/2"}],"replies":[{"embeddable":true,"href":"https:\/\/zonaroja.com.mx\/index.php?rest_route=%2Fwp%2Fv2%2Fcomments&post=61162"}],"version-history":[{"count":1,"href":"https:\/\/zonaroja.com.mx\/index.php?rest_route=\/wp\/v2\/posts\/61162\/revisions"}],"predecessor-version":[{"id":61164,"href":"https:\/\/zonaroja.com.mx\/index.php?rest_route=\/wp\/v2\/posts\/61162\/revisions\/61164"}],"wp:featuredmedia":[{"embeddable":true,"href":"https:\/\/zonaroja.com.mx\/index.php?rest_route=\/wp\/v2\/media\/61163"}],"wp:attachment":[{"href":"https:\/\/zonaroja.com.mx\/index.php?rest_route=%2Fwp%2Fv2%2Fmedia&parent=61162"}],"wp:term":[{"taxonomy":"category","embeddable":true,"href":"https:\/\/zonaroja.com.mx\/index.php?rest_route=%2Fwp%2Fv2%2Fcategories&post=61162"},{"taxonomy":"post_tag","embeddable":true,"href":"https:\/\/zonaroja.com.mx\/index.php?rest_route=%2Fwp%2Fv2%2Ftags&post=61162"}],"curies":[{"name":"wp","href":"https:\/\/api.w.org\/{rel}","templated":true}]}}