{"id":61165,"date":"2023-10-19T22:52:59","date_gmt":"2023-10-20T03:52:59","guid":{"rendered":"http:\/\/www.zonaroja.com.mx\/?p=61165"},"modified":"2023-10-19T22:53:02","modified_gmt":"2023-10-20T03:53:02","slug":"vive-oaxaca-de-nuevo-ola-de-protestas-y-bloqueos-a-oficinas-y-carreteras","status":"publish","type":"post","link":"https:\/\/zonaroja.com.mx\/?p=61165","title":{"rendered":"Vive Oaxaca de nuevo ola de protestas y bloqueos a oficinas y carreteras"},"content":{"rendered":"\n<p>Ismael Garc\u00eda M.\/Zona Roja.<\/p>\n\n\n\n<p>Oaxaca de Ju\u00e1rez, Oax., a 19 de octubre de 20223.- Retenci\u00f3n de empleados de gobierno; bloqueo de calles y oficinas en la capital; protestas hasta en la cara del edil Francisco Mart\u00ednez Neri, son parte de la jornada de movilizaciones que se registr\u00f3 este martes.<\/p>\n\n\n\n<p>Supuestamente para exigir el esclarecimiento del crimen de Catarino Torres Pereda, ocurrido hace casi 13 a\u00f1os, militantes de la organizaci\u00f3n Comit\u00e9 de Defensa Ciudadana arribaron a temprana hora a la ciudad de Oaxaca.<\/p>\n\n\n\n<p>Tras ello, bloquearon oficinas de la Fiscal\u00eda General del Estado, tanto en el centro de la capital como en la agencia de La Experimental, San Antonio de la Cal.<\/p>\n\n\n\n<p>Para presionar a\u00fan m\u00e1s a las autoridades, cerraron los accesos a Ciudad Judicial, complejo de oficinas de gobierno ubicado en Reyes Mantec\u00f3n, San Bartolo Coyotepec, y retuvieron por unas seis horas a cientos de empleados, muchos de ellos madres con hijos.<\/p>\n\n\n\n<p>Tras la supuesta demanda de justicia, exigen al gobierno obras y recursos para comunidades de la regi\u00f3n de la Cuenca; los manifestantes portaban palos y piedras para amedrentar a la poblaci\u00f3n.<\/p>\n\n\n\n<p>CONTRA NERI<\/p>\n\n\n\n<p>El gobierno municipal del morenista Francisco Mart\u00ednez Neri tambi\u00e9n registr\u00f3 al menos tres movilizaciones.<\/p>\n\n\n\n<p>La primera de ella fue por parte de ambientalistas, que durante la sesi\u00f3n de Cabildo mostraron pancartas para exigir a la autoridad acciones a favor de la protecci\u00f3n del medio ambiente, as\u00ed como sanci\u00f3n a quienes han da\u00f1ado \u00e1reas verdes y el patrimonio, entre ellos el parque \u201cEl Llano\u201d.<\/p>\n\n\n\n<p>Durante la protesta, uno de los inconformes subi\u00f3 al \u00e1rea donde sesionan los concejales, para mostrar una cartulina en la cara del edil Mart\u00ednez Neri, tras lo cual fue retirado de manera pac\u00edfica.<\/p>\n\n\n\n<p>Otra protesta la protagonizaron miembros de la Asociaci\u00f3n de Comunidades Ind\u00edgenas y Artesanos del Estado de Oaxaca, que demandaron espacios para venta de art\u00edculos diversos, en el Centro Hist\u00f3rico de la capital.<\/p>\n\n\n\n<p>Y dos horas m\u00e1s tarde, transportistas del interior del estado, que tienen term\u00edneles en el centro de la ciudad, bloquearon la avenida Morelos, junto a la Plaza de la Danza, y el acceso al palacio municipal, para denunciar supuestas arbitrariedades de inspectores y agentes viales.<\/p>\n\n\n\n<p>PODER JUDICIAL<\/p>\n\n\n\n<p>Por otra parte, en el inicio del paro nacional por parte de trabajadores del Poder Judicial de la Federaci\u00f3n, tras la eliminaci\u00f3n de fideicomisos por parte de la C\u00e1mara de Diputados, en Oaxaca tambi\u00e9n hubo bloqueos diversos.<\/p>\n\n\n\n<p>En una sede de la instituci\u00f3n, en la avenida Ju\u00e1rez, frente a \u201cEl Llano\u201d, instalaron bloqueos temporales por varias horas; misma acci\u00f3n en otros inmuebles ubicados sobre la avenida Independencia.<\/p>\n\n\n\n<p>Tambi\u00e9n en el edificio central que se localiza en jurisdicci\u00f3n de San Bartolo Coyotepec, adem\u00e1s del bloqueo intermitente a la carretera federal 175 rumbo a la regi\u00f3n Costa.<\/p>\n\n\n\n<p>Culminaron despu\u00e9s de las cuatro de la tarde pero ma\u00f1ana se sumar\u00e1n a una marcha a nivel nacional para exigir al Congreso que recule en la determinaci\u00f3n acerca de los fideicomisos.<\/p>\n","protected":false},"excerpt":{"rendered":"<p>Ismael Garc\u00eda M.\/Zona Roja. Oaxaca de Ju\u00e1rez, Oax., a 19 de octubre de 20223.- Retenci\u00f3n&hellip;<\/p>\n","protected":false},"author":2,"featured_media":61166,"comment_status":"closed","ping_status":"open","sticky":false,"template":"","format":"standard","meta":{"_lmt_disableupdate":"","_lmt_disable":"","_jetpack_memberships_contains_paid_content":false,"footnotes":""},"categories":[109,47],"tags":[2264],"class_list":["post-61165","post","type-post","status-publish","format-standard","has-post-thumbnail","hentry","category-minuto-a-minuto","category-zona-gris","tag-bloqueos-y-protestas-oaxaca"],"jetpack_featured_media_url":"https:\/\/zonaroja.com.mx\/wp-content\/uploads\/2023\/10\/Protestas-Oaaxaca-19-marzo.jpg","jetpack_sharing_enabled":true,"_links":{"self":[{"href":"https:\/\/zonaroja.com.mx\/index.php?rest_route=\/wp\/v2\/posts\/61165","targetHints":{"allow":["GET"]}}],"collection":[{"href":"https:\/\/zonaroja.com.mx\/index.php?rest_route=\/wp\/v2\/posts"}],"about":[{"href":"https:\/\/zonaroja.com.mx\/index.php?rest_route=\/wp\/v2\/types\/post"}],"author":[{"embeddable":true,"href":"https:\/\/zonaroja.com.mx\/index.php?rest_route=\/wp\/v2\/users\/2"}],"replies":[{"embeddable":true,"href":"https:\/\/zonaroja.com.mx\/index.php?rest_route=%2Fwp%2Fv2%2Fcomments&post=61165"}],"version-history":[{"count":1,"href":"https:\/\/zonaroja.com.mx\/index.php?rest_route=\/wp\/v2\/posts\/61165\/revisions"}],"predecessor-version":[{"id":61167,"href":"https:\/\/zonaroja.com.mx\/index.php?rest_route=\/wp\/v2\/posts\/61165\/revisions\/61167"}],"wp:featuredmedia":[{"embeddable":true,"href":"https:\/\/zonaroja.com.mx\/index.php?rest_route=\/wp\/v2\/media\/61166"}],"wp:attachment":[{"href":"https:\/\/zonaroja.com.mx\/index.php?rest_route=%2Fwp%2Fv2%2Fmedia&parent=61165"}],"wp:term":[{"taxonomy":"category","embeddable":true,"href":"https:\/\/zonaroja.com.mx\/index.php?rest_route=%2Fwp%2Fv2%2Fcategories&post=61165"},{"taxonomy":"post_tag","embeddable":true,"href":"https:\/\/zonaroja.com.mx\/index.php?rest_route=%2Fwp%2Fv2%2Ftags&post=61165"}],"curies":[{"name":"wp","href":"https:\/\/api.w.org\/{rel}","templated":true}]}}