{"id":61169,"date":"2023-10-20T07:54:00","date_gmt":"2023-10-20T12:54:00","guid":{"rendered":"http:\/\/www.zonaroja.com.mx\/?p=61169"},"modified":"2023-10-20T07:54:02","modified_gmt":"2023-10-20T12:54:02","slug":"ejecutan-al-director-de-policia-de-hidalgo-nl-matan-a-una-agente-en-tijuana","status":"publish","type":"post","link":"https:\/\/zonaroja.com.mx\/?p=61169","title":{"rendered":"Ejecutan al director de polic\u00eda de Hidalgo, NL; matan a una agente en Tijuana"},"content":{"rendered":"\n<p>Redacci\u00f3n\/Zona Roja Cdmx.<\/p>\n\n\n\n<p>Ciudad de M\u00e9xico, a 20 de octubre de 2023.- Dos d\u00edas despu\u00e9s de asumir el cargo de director de la polic\u00eda del municipio de Hidalgo, Nuevo Le\u00f3n, Lucio Trujillo fue ejecutado ayer por un grupo de sicarios que viajaban en tres camionetas y una motocicleta en esa localidad ubicada 40 kil\u00f3metros al norte de la zona metropolitana de Monterrey.<\/p>\n\n\n\n<p>El ataque se perpetr\u00f3 cuando el uniformado circulaba en una camioneta Jeep Cherokee negra en el cruce de la calle Galeana y Jos\u00e9 Mar\u00eda Morelos, colonia Alfonso Mart\u00ednez Dom\u00ednguez.<\/p>\n\n\n\n<p>Trascendi\u00f3 que el municipio no cuenta con secretario de seguridad p\u00fablica y que Lucio Trujillo estaba a cargo.<\/p>\n\n\n\n<p>Agentes de diferentes corporaciones y municipios instalaron filtros de revisi\u00f3n en las carreteras y caminos que convergen en el municipio rural de Hidalgo, de unos 16 mil habitantes.<\/p>\n\n\n\n<p>EN CHIHUAHUA<\/p>\n\n\n\n<p>En Chihuahua, dos transportistas fueron privados de la libertad y asesinados, presuntamente por integrantes del crimen organizado, cuando trasladaban abarrotes, frutas y verduras en un cami\u00f3n de redilas hacia el seccional Largo Maderal, en la poblaci\u00f3n serrana de Madera.<\/p>\n\n\n\n<p>La Fiscal\u00eda de Distrito Zona Occidente inform\u00f3 que los dos hombres fueron hallados sin vida en el kil\u00f3metro 109 + 800 de la carretera Madera-Guerrero.<\/p>\n\n\n\n<p>Los muertos son Jos\u00e9 Reydesel Cruz Garc\u00eda, de 41 a\u00f1os, chofer de la unidad, y Ra\u00fal Armando Maldonado Sandoval, de 23 a\u00f1os, ayudante. Sus familiares los reportaron como desaparecidos el 13 de octubre en el tramo carretero Yepomera, municipio de Tem\u00f3sachic.<\/p>\n\n\n\n<p>En Ciudad Ju\u00e1rez, una mujer y un hombre fueron ultimados en el estacionamiento del gimnasio Trainer Gym Elite, ubicado en la avenida Ej\u00e9rcito Nacional, a la altura de la prolongaci\u00f3n Rivera Lara.<\/p>\n\n\n\n<p>EN BAJA CALIFORNIA<\/p>\n\n\n\n<p>En Tijuana, Baja California, Dalia Suzeth Espinoza L\u00f3pez, agente de la Fuerza Estatal de Seguridad Ciudadana, fue asesinada ayer cuando sal\u00eda para llevar a su hija a la escuela.<\/p>\n\n\n\n<p>El secretario de Seguridad Ciudadana, Tizoc Aguilar, dio a conocer que se trata de la primera muerte de una agente de esa corporaci\u00f3n.<\/p>\n\n\n\n<p>En Guanajuato, una presunta integrante de una banda delictiva fue ultimada y dos elementos de la Agencia de Investigaci\u00f3n Criminal resultaron heridos ayer en el fraccionamiento Santa Sof\u00eda de la ciudad de Irapuato, report\u00f3 la fiscal\u00eda estatal. La refriega ocurri\u00f3 cuando los agentes iban a realizar un cateo y los recibieron a tiros.<\/p>\n\n\n\n<p>(Informaci\u00f3n de \u201cLa Jornada\u201d)<\/p>\n","protected":false},"excerpt":{"rendered":"<p>Redacci\u00f3n\/Zona Roja Cdmx. Ciudad de M\u00e9xico, a 20 de octubre de 2023.- Dos d\u00edas despu\u00e9s&hellip;<\/p>\n","protected":false},"author":2,"featured_media":49033,"comment_status":"closed","ping_status":"open","sticky":false,"template":"","format":"standard","meta":{"_lmt_disableupdate":"","_lmt_disable":"","_jetpack_memberships_contains_paid_content":false,"footnotes":""},"categories":[109,51],"tags":[1746],"class_list":["post-61169","post","type-post","status-publish","format-standard","has-post-thumbnail","hentry","category-minuto-a-minuto","category-zona-roja","tag-violencia-en-mexico"],"jetpack_featured_media_url":"https:\/\/zonaroja.com.mx\/wp-content\/uploads\/2022\/12\/Escena-crimen-asesinato-violencia.jpg","jetpack_sharing_enabled":true,"_links":{"self":[{"href":"https:\/\/zonaroja.com.mx\/index.php?rest_route=\/wp\/v2\/posts\/61169","targetHints":{"allow":["GET"]}}],"collection":[{"href":"https:\/\/zonaroja.com.mx\/index.php?rest_route=\/wp\/v2\/posts"}],"about":[{"href":"https:\/\/zonaroja.com.mx\/index.php?rest_route=\/wp\/v2\/types\/post"}],"author":[{"embeddable":true,"href":"https:\/\/zonaroja.com.mx\/index.php?rest_route=\/wp\/v2\/users\/2"}],"replies":[{"embeddable":true,"href":"https:\/\/zonaroja.com.mx\/index.php?rest_route=%2Fwp%2Fv2%2Fcomments&post=61169"}],"version-history":[{"count":1,"href":"https:\/\/zonaroja.com.mx\/index.php?rest_route=\/wp\/v2\/posts\/61169\/revisions"}],"predecessor-version":[{"id":61170,"href":"https:\/\/zonaroja.com.mx\/index.php?rest_route=\/wp\/v2\/posts\/61169\/revisions\/61170"}],"wp:featuredmedia":[{"embeddable":true,"href":"https:\/\/zonaroja.com.mx\/index.php?rest_route=\/wp\/v2\/media\/49033"}],"wp:attachment":[{"href":"https:\/\/zonaroja.com.mx\/index.php?rest_route=%2Fwp%2Fv2%2Fmedia&parent=61169"}],"wp:term":[{"taxonomy":"category","embeddable":true,"href":"https:\/\/zonaroja.com.mx\/index.php?rest_route=%2Fwp%2Fv2%2Fcategories&post=61169"},{"taxonomy":"post_tag","embeddable":true,"href":"https:\/\/zonaroja.com.mx\/index.php?rest_route=%2Fwp%2Fv2%2Ftags&post=61169"}],"curies":[{"name":"wp","href":"https:\/\/api.w.org\/{rel}","templated":true}]}}