{"id":61171,"date":"2023-10-20T09:30:00","date_gmt":"2023-10-20T14:30:00","guid":{"rendered":"http:\/\/www.zonaroja.com.mx\/?p=61171"},"modified":"2023-10-20T08:14:26","modified_gmt":"2023-10-20T13:14:26","slug":"fortalece-xoxocotlan-la-lucha-contra-el-cancer-de-mama","status":"publish","type":"post","link":"https:\/\/zonaroja.com.mx\/?p=61171","title":{"rendered":"Fortalece Xoxocotl\u00e1n la lucha contra el c\u00e1ncer de mama"},"content":{"rendered":"\n<p>Redacci\u00f3n\/Zona Roja.<\/p>\n\n\n\n<p>Oaxaca de Ju\u00e1rez, Oax., a 20 de octubre de 2023.- Con la pinta del mural \u00abUnidas avanzamos todas contra el c\u00e1ncer de mama\u00bb, el gobierno municipal de Santa Cruz Xoxocotl\u00e1n que encabeza Inocente Castellanos Alejos, conmemor\u00f3 este mi\u00e9rcoles el D\u00eda Internacional de la Lucha contra el C\u00e1ncer de Mama.<\/p>\n\n\n\n<p>La actividad organizada por el equipo del DIF Municipal y su presidente honorario, Eric Emmanuel Ortiz Hern\u00e1ndez, as\u00ed como por la Estancia de la Mujer, tuvo como objetivo no solo plasmar las manos de las mujeres participantes, sino adem\u00e1s crear consciencia entre ellas de la importancia que tiene prevenir ese padecimiento.<\/p>\n\n\n\n<p>Ocupadas en fomentar la pr\u00e1ctica preventiva para garantizar la salud de las mujeres, las autoridades locales llamaron a las presentes a revisarse continuamente y participar de manera activa en las jornadas de detecci\u00f3n de&nbsp;c\u00e1ncer de mam\u00e1 que promueve este gobierno, continuamente.<\/p>\n\n\n\n<p>En su mensaje, el edil \u201cChente Castellanos\u201d, ratific\u00f3 su inter\u00e9s en sumar esfuerzos con las instituciones p\u00fablicas, privadas y organizaciones civiles dedicadas al tema y con todos aquellos que coadyuvan en el empoderamiento &nbsp;y la salud de las mujeres xoxe\u00f1as.<\/p>\n\n\n\n<p>\u00abEste es un gobierno de inclusi\u00f3n, que vela por el inter\u00e9s de las familia, sabemos que las mujeres son el pilar de cada n\u00facleo familiar, por eso agradezco su preocupaci\u00f3n y disposici\u00f3n para atender este llamado a la unidad en contra del c\u00e1ncer de mama\u00bb, sostuvo.<\/p>\n\n\n\n<p>En tanto, el presidente honorario del DIF Municipal, Eric Eric Enmanuel Ortiz Hern\u00e1ndez, reiter\u00f3 el compromiso asumido por esa instituci\u00f3n para impulsar m\u00e1s acciones a favor de las mujeres, en \u00e1reas de la salud y otras, que contribuyen a que tengan una vida plena y sana.<\/p>\n\n\n\n<p>De igual manera agradeci\u00f3 el respaldo del Cabildo xoxe\u00f1o, en las tareas que se ejecutan a favor de los sectores prioritarios, especialmente el de las mujeres.<\/p>\n\n\n\n<p>Y es que, de acuerdo a cifras oficiales del INEGI, en M\u00e9xico, durante 2022, la incidencia (casos nuevos) de c\u00e1ncer de mama&nbsp;fue de 23 mil 790 entre la poblaci\u00f3n de 20 a\u00f1os y m\u00e1s.<\/p>\n\n\n\n<p>Es decir, la incidencia nacional fue de 27.64, por cada 100 mil habitantes de 20 a\u00f1os&nbsp;y m\u00e1s. En las mujeres fue mayor, con 51.92 contra 1.25 en los hombres.<\/p>\n\n\n\n<p>En 2022, del total de muertes por tumores malignos en personas de 20 a\u00f1os&nbsp;<\/p>\n\n\n\n<p>y m\u00e1s (87 mil 880), 9.0 % fue por c\u00e1ncer de mama (7 mil 888). De estos casos, el 99.4 % se present\u00f3 en mujeres (7 838) y 0.6 %, en hombres (50).<\/p>\n\n\n\n<p>De ah\u00ed la preocupaci\u00f3n de las autoridades municipales de Xoxocotl\u00e1n por incentivar este tipo de ejercicio durante todo el a\u00f1o y conmemorar en esta fecha especial el permanente esfuerzo que se realiza en el mundo por controlar tan grave enfermedad.<\/p>\n","protected":false},"excerpt":{"rendered":"<p>Redacci\u00f3n\/Zona Roja. Oaxaca de Ju\u00e1rez, Oax., a 20 de octubre de 2023.- Con la pinta&hellip;<\/p>\n","protected":false},"author":2,"featured_media":61172,"comment_status":"closed","ping_status":"open","sticky":false,"template":"","format":"standard","meta":{"_lmt_disableupdate":"","_lmt_disable":"","_jetpack_memberships_contains_paid_content":false,"footnotes":""},"categories":[109,46],"tags":[133],"class_list":["post-61171","post","type-post","status-publish","format-standard","has-post-thumbnail","hentry","category-minuto-a-minuto","category-zona-blanca","tag-santa-cruz-xoxocotlan"],"jetpack_featured_media_url":"https:\/\/zonaroja.com.mx\/wp-content\/uploads\/2023\/10\/Inocente-Castellanos-cancer-de-mama-Xoxo.jpg","jetpack_sharing_enabled":true,"_links":{"self":[{"href":"https:\/\/zonaroja.com.mx\/index.php?rest_route=\/wp\/v2\/posts\/61171","targetHints":{"allow":["GET"]}}],"collection":[{"href":"https:\/\/zonaroja.com.mx\/index.php?rest_route=\/wp\/v2\/posts"}],"about":[{"href":"https:\/\/zonaroja.com.mx\/index.php?rest_route=\/wp\/v2\/types\/post"}],"author":[{"embeddable":true,"href":"https:\/\/zonaroja.com.mx\/index.php?rest_route=\/wp\/v2\/users\/2"}],"replies":[{"embeddable":true,"href":"https:\/\/zonaroja.com.mx\/index.php?rest_route=%2Fwp%2Fv2%2Fcomments&post=61171"}],"version-history":[{"count":1,"href":"https:\/\/zonaroja.com.mx\/index.php?rest_route=\/wp\/v2\/posts\/61171\/revisions"}],"predecessor-version":[{"id":61173,"href":"https:\/\/zonaroja.com.mx\/index.php?rest_route=\/wp\/v2\/posts\/61171\/revisions\/61173"}],"wp:featuredmedia":[{"embeddable":true,"href":"https:\/\/zonaroja.com.mx\/index.php?rest_route=\/wp\/v2\/media\/61172"}],"wp:attachment":[{"href":"https:\/\/zonaroja.com.mx\/index.php?rest_route=%2Fwp%2Fv2%2Fmedia&parent=61171"}],"wp:term":[{"taxonomy":"category","embeddable":true,"href":"https:\/\/zonaroja.com.mx\/index.php?rest_route=%2Fwp%2Fv2%2Fcategories&post=61171"},{"taxonomy":"post_tag","embeddable":true,"href":"https:\/\/zonaroja.com.mx\/index.php?rest_route=%2Fwp%2Fv2%2Ftags&post=61171"}],"curies":[{"name":"wp","href":"https:\/\/api.w.org\/{rel}","templated":true}]}}