{"id":61174,"date":"2023-10-20T10:30:00","date_gmt":"2023-10-20T15:30:00","guid":{"rendered":"http:\/\/www.zonaroja.com.mx\/?p=61174"},"modified":"2023-10-20T08:31:46","modified_gmt":"2023-10-20T13:31:46","slug":"en-un-trimestre-crece-5-percepcion-de-inseguridad-en-oaxaca-capital","status":"publish","type":"post","link":"https:\/\/zonaroja.com.mx\/?p=61174","title":{"rendered":"En un trimestre, crece 5% percepci\u00f3n de inseguridad en Oaxaca capital"},"content":{"rendered":"\n<p>Ismael Garc\u00eda M.\/Zona Roja.<\/p>\n\n\n\n<p>Oaxaca de Ju\u00e1rez, Oax., a 20 de octubre de 2023.- En el \u00faltimo trimestre, la percepci\u00f3n de inseguridad en la capital de Oaxaca creci\u00f3 de 66.3 a 71.2 por ciento, de acuerdo con el Instituto Nacional de Estad\u00edstica y Geograf\u00eda (Inegi).<\/p>\n\n\n\n<p>Pero adem\u00e1s, de septiembre de 2022 a septiembre de 2023, dicha percepci\u00f3n s\u00f3lo ha disminuido cuatro d\u00e9cimas, al pasar de 71.6 a 71.2%, revel\u00f3 ayer la Encuesta Nacional de Seguridad P\u00fablica Urbana.<\/p>\n\n\n\n<p>Los hechos delictivos han ido al alza durante el gobierno municipal que encabeza Francico Mart\u00ednez Neri, surgido del Partido Morena, e incluso a alcanzado a un funcionario municipal en su centro de trabajo; pese a ello, el edil se ha negado a relevar de su cargo al secretario de Seguridad, Ra\u00fal \u00c1vila Ibarra.<\/p>\n\n\n\n<p>Del 28 de agosto al 15 de septiembre de 2023 se levant\u00f3 la Encuesta Nacional de Seguridad P\u00fablica Urbana (ENSU) correspondiente al tercer trimestre de 2023.&nbsp;<\/p>\n\n\n\n<p>En septiembre de 2023, 61.4 % de la poblaci\u00f3n de 18 a\u00f1os y m\u00e1s, residente en 75 ciudades de inter\u00e9s, consider\u00f3 que es inseguro vivir en su ciudad. Lo anterior no representa un cambio estad\u00edsticamente significativo1 con relaci\u00f3n al porcentaje registrado en junio de 2023, que fue de 62.3 por ciento.&nbsp;<\/p>\n\n\n\n<p>No obstante, representa un cambio estad\u00edsticamente significativo menor con respecto a septiembre de 2022, que fue 64.4 por ciento. En esta edici\u00f3n, 11 ciudades y demarcaciones tuvieron cambios estad\u00edsticamente significativos frente a junio de 2023: seis presentaron reducciones y cinco, incrementos.<\/p>\n\n\n\n<p>En septiembre de 2023, 67.4 % de las mujeres y 54.1 % de los hombres consideraron que vivir en su ciudad es inseguro.&nbsp;<\/p>\n\n\n\n<p>Las ciudades con mayor porcentaje de personas de 18 a\u00f1os y m\u00e1s que consideraron que vivir en su ciudad es inseguro fueron: Fresnillo, con 95.4 %; Ciudad Obreg\u00f3n, con 92.3 %; Zacatecas, con 92.1 %; Uruapan, con 91.5 %; Naucalpan de Ju\u00e1rez, con 87.3 %; y Toluca de Lerdo con 86.2 por ciento.&nbsp;<\/p>\n\n\n\n<p>En contraste, las ciudades donde la percepci\u00f3n de inseguridad result\u00f3 menor fueron: Benito Ju\u00e1rez, con 15.8 %; Piedras Negras, con 19.7 %; San Pedro Garza Garc\u00eda, con 20.8 %; Cuajimalpa de Morelos, con 21.4 %; Puerto Vallarta, con 22.5 % y Los Mochis, con 24.1 por ciento.<\/p>\n\n\n\n<p>En cuanto a la percepci\u00f3n de inseguridad en espacios f\u00edsicos espec\u00edficos, en septiembre de 2023, 70.8 % de la poblaci\u00f3n manifest\u00f3 sentirse insegura en los cajeros autom\u00e1ticos localizados en la v\u00eda p\u00fablica; 64.2 %, en el transporte p\u00fablico; 55.4 %, en el banco y 54.1 %, en las calles que habitualmente transita.<\/p>\n","protected":false},"excerpt":{"rendered":"<p>Ismael Garc\u00eda M.\/Zona Roja. Oaxaca de Ju\u00e1rez, Oax., a 20 de octubre de 2023.- En&hellip;<\/p>\n","protected":false},"author":2,"featured_media":48827,"comment_status":"closed","ping_status":"open","sticky":false,"template":"","format":"standard","meta":{"_lmt_disableupdate":"","_lmt_disable":"","_jetpack_memberships_contains_paid_content":false,"footnotes":""},"categories":[109,47],"tags":[2418],"class_list":["post-61174","post","type-post","status-publish","format-standard","has-post-thumbnail","hentry","category-minuto-a-minuto","category-zona-gris","tag-francisco-martinez-neri"],"jetpack_featured_media_url":"https:\/\/zonaroja.com.mx\/wp-content\/uploads\/2022\/12\/Francisco-Martinez-Neri-y-Raul-Avila.jpg","jetpack_sharing_enabled":true,"_links":{"self":[{"href":"https:\/\/zonaroja.com.mx\/index.php?rest_route=\/wp\/v2\/posts\/61174","targetHints":{"allow":["GET"]}}],"collection":[{"href":"https:\/\/zonaroja.com.mx\/index.php?rest_route=\/wp\/v2\/posts"}],"about":[{"href":"https:\/\/zonaroja.com.mx\/index.php?rest_route=\/wp\/v2\/types\/post"}],"author":[{"embeddable":true,"href":"https:\/\/zonaroja.com.mx\/index.php?rest_route=\/wp\/v2\/users\/2"}],"replies":[{"embeddable":true,"href":"https:\/\/zonaroja.com.mx\/index.php?rest_route=%2Fwp%2Fv2%2Fcomments&post=61174"}],"version-history":[{"count":1,"href":"https:\/\/zonaroja.com.mx\/index.php?rest_route=\/wp\/v2\/posts\/61174\/revisions"}],"predecessor-version":[{"id":61175,"href":"https:\/\/zonaroja.com.mx\/index.php?rest_route=\/wp\/v2\/posts\/61174\/revisions\/61175"}],"wp:featuredmedia":[{"embeddable":true,"href":"https:\/\/zonaroja.com.mx\/index.php?rest_route=\/wp\/v2\/media\/48827"}],"wp:attachment":[{"href":"https:\/\/zonaroja.com.mx\/index.php?rest_route=%2Fwp%2Fv2%2Fmedia&parent=61174"}],"wp:term":[{"taxonomy":"category","embeddable":true,"href":"https:\/\/zonaroja.com.mx\/index.php?rest_route=%2Fwp%2Fv2%2Fcategories&post=61174"},{"taxonomy":"post_tag","embeddable":true,"href":"https:\/\/zonaroja.com.mx\/index.php?rest_route=%2Fwp%2Fv2%2Ftags&post=61174"}],"curies":[{"name":"wp","href":"https:\/\/api.w.org\/{rel}","templated":true}]}}