{"id":61188,"date":"2023-10-20T13:26:00","date_gmt":"2023-10-20T18:26:00","guid":{"rendered":"http:\/\/www.zonaroja.com.mx\/?p=61188"},"modified":"2023-10-20T09:28:08","modified_gmt":"2023-10-20T14:28:08","slug":"tras-la-renuncia-de-encinas-la-onu-llama-a-desmantelar-la-impunidad","status":"publish","type":"post","link":"https:\/\/zonaroja.com.mx\/?p=61188","title":{"rendered":"Tras la renuncia de Encinas, la ONU llama a desmantelar la impunidad"},"content":{"rendered":"\n<p>Redacci\u00f3n\/Zona Roja Cdmx.<\/p>\n\n\n\n<p>Ciudad de M\u00e9xico, a 20 de octubre de 2023.- La Oficina en M\u00e9xico del Alto Comisionado de las Naciones Unidas para los Derechos Humanos (ONU-DH) llam\u00f3 al Gobierno mexicano a profundizar el desmantelamiento de las estructuras que cobijan la impunidad en el pa\u00eds.<\/p>\n\n\n\n<p>La petici\u00f3n de la ONU-DH se da tras la renuncia de Alejandro Encinas, subsecretario de Derechos Humanos, Poblaci\u00f3n y Migraci\u00f3n del Gobierno mexicano y quien lider\u00f3 las pol\u00e9micas investigaciones sobre desaparecidos, Fuerzas Armadas y, en espec\u00edfico, sobre el caso de los estudiantes desaparecidos Ayotzinapa en 2014.<\/p>\n\n\n\n<p>\u201cAnte el anuncio de la designaci\u00f3n de F\u00e9lix Arturo Medina Padilla como nuevo titular de la Subsecretar\u00eda de Derechos Humanos, Poblaci\u00f3n y Migraci\u00f3n, la ONU-DH anima respetuosamente a profundizar el desmantelamiento de las estructuras que a\u00fan cobijan la impunidad en M\u00e9xico\u201d, indic\u00f3 el organismo multilateral en bolet\u00edn.<\/p>\n\n\n\n<p>Adem\u00e1s, pidi\u00f3 fortalecer las autoridades civiles, la rendici\u00f3n de cuentas, el combate a la desaparici\u00f3n de personas sin regresi\u00f3n alguna y la protecci\u00f3n de las personas en situaci\u00f3n en vulnerabilidad.<\/p>\n\n\n\n<p>Tambi\u00e9n la ampliaci\u00f3n del espacio c\u00edvico, mediante trabajo conjunto entre v\u00edctimas, organizaciones civiles y organismos internacionales de derechos humanos.<\/p>\n\n\n\n<p>\u201cLa ONU-DH expresa su compromiso para seguir trabajando con el Estado mexicano en su conjunto en favor de la promoci\u00f3n y protecci\u00f3n de los derechos humanos de todas las personas\u201d, manifest\u00f3.<\/p>\n\n\n\n<p>El organismo aprovech\u00f3 para reconocer el trabajo de Encinas, tras su paso por la Secretar\u00eda de Gobernaci\u00f3n, \u201cpor la apertura y disposici\u00f3n para trabajar de manera colaborativa, sobre la base del di\u00e1logo y el respeto mutuo, en favor de la promoci\u00f3n y protecci\u00f3n de los derechos humanos reconocidos internacionalmente\u201d.<\/p>\n\n\n\n<p>En este sentido, subray\u00f3 que Encinas, que ahora se sumar\u00e1 al equipo de la aspirante presidencial por el oficialismo en M\u00e9xico para las elecciones de 2024, Claudia Sheinbaum, impuls\u00f3 diversos proyectos ben\u00e9ficos.<\/p>\n\n\n\n<p>\u201cEn medio de dificultades de distinta \u00edndole, se impulsaron proyectos y sentaron algunas bases que, lejos de revertirse, merecen fortalecerse, profundizarse y consolidarse en beneficio de la verdad, la justicia\u201d, enfatiz\u00f3 el organismo.<\/p>\n\n\n\n<p>Encinas era el rostro m\u00e1s visible de la pol\u00edtica de derechos humanos desde el inicio del Gobierno de L\u00f3pez Obrador, en diciembre de 2018, y el m\u00e1s cercano a las organizaciones ciudadanas que trabajan en la materia.<\/p>\n\n\n\n<p>Pero el funcionario afront\u00f3 controversias recientes por la defensa que ha hecho L\u00f3pez Obrador de las Fuerzas Armadas y por el intento del mandatario de cambiar el censo nacional de desaparecidos, que ahora contabiliza de forma oficial m\u00e1s de 110 mil.<\/p>\n\n\n\n<p>Una de las mayores pol\u00e9micas fue la renuncia en agosto pasado de Karla Quintana, titular de la Comisi\u00f3n Nacional de B\u00fasqueda (CNB) de personas, en medio de presuntas presiones del Gobierno de L\u00f3pez Obrador para modificar el registro de desaparecidos y bajar las cifras.<\/p>\n\n\n\n<p>Mientras que en septiembre, Encinas present\u00f3 el segundo informe de la Comisi\u00f3n de la Verdad de Ayotzinapa en medio de reclamos de los padres de los 43 estudiantes desaparecidos en 2014, quienes acusan al Gobierno de proteger a las Fuerzas Armadas, implicadas en el caso.<\/p>\n\n\n\n<p>(Con informaci\u00f3n de EFE, en L\u00f3pez-D\u00f3riga Digital)<\/p>\n","protected":false},"excerpt":{"rendered":"<p>Redacci\u00f3n\/Zona Roja Cdmx. Ciudad de M\u00e9xico, a 20 de octubre de 2023.- La Oficina en&hellip;<\/p>\n","protected":false},"author":2,"featured_media":22974,"comment_status":"closed","ping_status":"open","sticky":false,"template":"","format":"standard","meta":{"_lmt_disableupdate":"","_lmt_disable":"","_jetpack_memberships_contains_paid_content":false,"footnotes":""},"categories":[109,47],"tags":[1816],"class_list":["post-61188","post","type-post","status-publish","format-standard","has-post-thumbnail","hentry","category-minuto-a-minuto","category-zona-gris","tag-43-desaparecidos-ayotzinapa"],"jetpack_featured_media_url":"https:\/\/zonaroja.com.mx\/wp-content\/uploads\/2021\/01\/Alejandro-Encinas.jpg","jetpack_sharing_enabled":true,"_links":{"self":[{"href":"https:\/\/zonaroja.com.mx\/index.php?rest_route=\/wp\/v2\/posts\/61188","targetHints":{"allow":["GET"]}}],"collection":[{"href":"https:\/\/zonaroja.com.mx\/index.php?rest_route=\/wp\/v2\/posts"}],"about":[{"href":"https:\/\/zonaroja.com.mx\/index.php?rest_route=\/wp\/v2\/types\/post"}],"author":[{"embeddable":true,"href":"https:\/\/zonaroja.com.mx\/index.php?rest_route=\/wp\/v2\/users\/2"}],"replies":[{"embeddable":true,"href":"https:\/\/zonaroja.com.mx\/index.php?rest_route=%2Fwp%2Fv2%2Fcomments&post=61188"}],"version-history":[{"count":1,"href":"https:\/\/zonaroja.com.mx\/index.php?rest_route=\/wp\/v2\/posts\/61188\/revisions"}],"predecessor-version":[{"id":61189,"href":"https:\/\/zonaroja.com.mx\/index.php?rest_route=\/wp\/v2\/posts\/61188\/revisions\/61189"}],"wp:featuredmedia":[{"embeddable":true,"href":"https:\/\/zonaroja.com.mx\/index.php?rest_route=\/wp\/v2\/media\/22974"}],"wp:attachment":[{"href":"https:\/\/zonaroja.com.mx\/index.php?rest_route=%2Fwp%2Fv2%2Fmedia&parent=61188"}],"wp:term":[{"taxonomy":"category","embeddable":true,"href":"https:\/\/zonaroja.com.mx\/index.php?rest_route=%2Fwp%2Fv2%2Fcategories&post=61188"},{"taxonomy":"post_tag","embeddable":true,"href":"https:\/\/zonaroja.com.mx\/index.php?rest_route=%2Fwp%2Fv2%2Ftags&post=61188"}],"curies":[{"name":"wp","href":"https:\/\/api.w.org\/{rel}","templated":true}]}}