{"id":61200,"date":"2023-10-20T23:17:40","date_gmt":"2023-10-21T04:17:40","guid":{"rendered":"http:\/\/www.zonaroja.com.mx\/?p=61200"},"modified":"2023-10-20T23:17:44","modified_gmt":"2023-10-21T04:17:44","slug":"semana-termina-como-inicio-con-caos-marchas-y-bloqueos","status":"publish","type":"post","link":"https:\/\/zonaroja.com.mx\/?p=61200","title":{"rendered":"Semana termina como inici\u00f3: con caos, marchas y bloqueos"},"content":{"rendered":"\n<p>Ismael Garc\u00eda M.\/Zona Roja.<\/p>\n\n\n\n<p>Oaxaca de Ju\u00e1rez, Oax., a 20 de octubre de 2023.- En Oaxaca la semana laboral termin\u00f3 como inici\u00f3: con marchas, bloqueo de vialidades y protestas.<\/p>\n\n\n\n<p>Uno de los protagonistas fueron de nuevo trabajadores del Poder Judicial de la Federaci\u00f3n, para reclamar al Congreso federal la eliminaci\u00f3n de 13 fideicomisos, que supuestamente afecta a la base laboral.<\/p>\n\n\n\n<p>En esta ocasi\u00f3n, bloquearon de manera intermitente la avenida Ju\u00e1rez, a la altura del parque \u201cEl Llano\u201d de la ciudad y otras vialidades donde tiene sedes el \u00f3rgano, entre ellos la avenida Independencia.<\/p>\n\n\n\n<p>Alrededor de unas 500 personas marcharon luego del norte al centro de la ciudad, para denunciar a los legisladores federales, principalmente del Partido Morena, por afectar sus intereses. Despu\u00e9s de las tres de la tarde se retiraron a sus hogares y se prev\u00e9 que el domingo reanuden movilizaciones.<\/p>\n\n\n\n<p>TAMBI\u00c9N LA S-22<\/p>\n\n\n\n<p>Otra de las protestas la encabez\u00f3 un grupo de trabajadores del sector Personal de Apoyo y Asistencia a la Educaci\u00f3n (PAAE), clasificado como administrativos, y adheridos a la Secci\u00f3n 22 del SNTE.<\/p>\n\n\n\n<p>Primero bloquearon la avenida M\u00e9xico 68, al norte de la capital, para dar cobertura a la mesa de trabajo de su dirigencia con el Instituto Estatal de Educaci\u00f3n P\u00fablica de Oaxaca.<\/p>\n\n\n\n<p>Para hacer mayor presi\u00f3n, despu\u00e9s de las 10:00 horas se trasladaron en marcha hacia la calzada H\u00e9roes de Chapultepec cruce con la calle Emilio Carranza, donde bloquearon hasta despu\u00e9s de las 17:00 horas.<\/p>\n\n\n\n<p>Tras ello, su representaci\u00f3n inform\u00f3 que se sign\u00f3 una minuta de trabajo, que incluye la creaci\u00f3n de una comisi\u00f3n para los movimientos escalafonarios.<\/p>\n\n\n\n<p>Asimismo, se present\u00f3 la propuesta de regalos que exigen para fin de a\u00f1o, pero del cual el IEEPO presentar\u00e1 a la Secretar\u00eda de Educaci\u00f3n P\u00fablica el presupuesto correspondiente, para su probable autorizaci\u00f3n.<\/p>\n\n\n\n<p>EN LA MIXTECA<\/p>\n\n\n\n<p>Otra movilizaci\u00f3n ocurri\u00f3 en la regi\u00f3n Mixteca del estado, donde pobladores de la localidad de Zapotitl\u00e1n Palmas bloquearon la carretera Huajuapan-Tehuac\u00e1n, a la altura de la agencia Azua Dulce.<\/p>\n\n\n\n<p>Lo anterior, para exigir a las autoridades locales el suministro del servicio de agua potable, pues aseguraron que desde hace varios meses no cuentan con el vital l\u00edquido; se retiraron tambi\u00e9n por la tarde.<\/p>\n","protected":false},"excerpt":{"rendered":"<p>Ismael Garc\u00eda M.\/Zona Roja. Oaxaca de Ju\u00e1rez, Oax., a 20 de octubre de 2023.- En&hellip;<\/p>\n","protected":false},"author":2,"featured_media":61201,"comment_status":"closed","ping_status":"open","sticky":false,"template":"","format":"standard","meta":{"_lmt_disableupdate":"","_lmt_disable":"","_jetpack_memberships_contains_paid_content":false,"footnotes":""},"categories":[109,47],"tags":[2264],"class_list":["post-61200","post","type-post","status-publish","format-standard","has-post-thumbnail","hentry","category-minuto-a-minuto","category-zona-gris","tag-bloqueos-y-protestas-oaxaca"],"jetpack_featured_media_url":"https:\/\/zonaroja.com.mx\/wp-content\/uploads\/2023\/10\/Protesta-PAAE-Seccion-22.jpg","jetpack_sharing_enabled":true,"_links":{"self":[{"href":"https:\/\/zonaroja.com.mx\/index.php?rest_route=\/wp\/v2\/posts\/61200","targetHints":{"allow":["GET"]}}],"collection":[{"href":"https:\/\/zonaroja.com.mx\/index.php?rest_route=\/wp\/v2\/posts"}],"about":[{"href":"https:\/\/zonaroja.com.mx\/index.php?rest_route=\/wp\/v2\/types\/post"}],"author":[{"embeddable":true,"href":"https:\/\/zonaroja.com.mx\/index.php?rest_route=\/wp\/v2\/users\/2"}],"replies":[{"embeddable":true,"href":"https:\/\/zonaroja.com.mx\/index.php?rest_route=%2Fwp%2Fv2%2Fcomments&post=61200"}],"version-history":[{"count":1,"href":"https:\/\/zonaroja.com.mx\/index.php?rest_route=\/wp\/v2\/posts\/61200\/revisions"}],"predecessor-version":[{"id":61202,"href":"https:\/\/zonaroja.com.mx\/index.php?rest_route=\/wp\/v2\/posts\/61200\/revisions\/61202"}],"wp:featuredmedia":[{"embeddable":true,"href":"https:\/\/zonaroja.com.mx\/index.php?rest_route=\/wp\/v2\/media\/61201"}],"wp:attachment":[{"href":"https:\/\/zonaroja.com.mx\/index.php?rest_route=%2Fwp%2Fv2%2Fmedia&parent=61200"}],"wp:term":[{"taxonomy":"category","embeddable":true,"href":"https:\/\/zonaroja.com.mx\/index.php?rest_route=%2Fwp%2Fv2%2Fcategories&post=61200"},{"taxonomy":"post_tag","embeddable":true,"href":"https:\/\/zonaroja.com.mx\/index.php?rest_route=%2Fwp%2Fv2%2Ftags&post=61200"}],"curies":[{"name":"wp","href":"https:\/\/api.w.org\/{rel}","templated":true}]}}