{"id":61206,"date":"2023-10-21T10:00:00","date_gmt":"2023-10-21T15:00:00","guid":{"rendered":"http:\/\/www.zonaroja.com.mx\/?p=61206"},"modified":"2023-10-21T08:06:26","modified_gmt":"2023-10-21T13:06:26","slug":"detiene-fiscalia-a-presunto-feminicida-en-huautla-de-jimenez","status":"publish","type":"post","link":"https:\/\/zonaroja.com.mx\/?p=61206","title":{"rendered":"Detiene Fiscal\u00eda a presunto feminicida en Huautla de Jim\u00e9nez"},"content":{"rendered":"\n<p>Redacci\u00f3n\/Zona Roja.&nbsp;<\/p>\n\n\n\n<p>Oaxaca de Ju\u00e1rez, Oax., a 21 de octubre de 2023.- La acci\u00f3n policial inmediata derivada de las investigaciones realizadas por la Fiscal\u00eda General del Estado de Oaxaca (FGEO) permitieron ejecutar una orden de aprehensi\u00f3n en contra de B. A. R., por los delitos de feminicidio y tentativa de feminicidio, cometidos en la regi\u00f3n de la Sierra de Flores Mag\u00f3n.<\/p>\n\n\n\n<p>De acuerdo con el expediente del caso, el 13 de octubre de 2023, la v\u00edctima Y. G. C. en compa\u00f1\u00eda de su madre identificada como F. G. J. y el agresor, acudieron a un paraje conocido como Agua Espina en la localidad de Xochitonalco, perteneciente al municipio de Huautla de Jim\u00e9nez.<\/p>\n\n\n\n<p>En el sitio, el imputado habr\u00eda tomado un machete con el que atac\u00f3 a ambas v\u00edctimas, a quienes infligi\u00f3 severas heridas por las que Y. G. C. qued\u00f3 tendida en el suelo, mientras que F. G. J. logr\u00f3 huir a pesar de las lesiones.<\/p>\n\n\n\n<p>A consecuencia de las heridas que sufri\u00f3, Y. G. C. perdi\u00f3 la vida al d\u00eda siguiente -el 14 de octubre de 2023-, por lo que la FGEO inici\u00f3 una investigaci\u00f3n a trav\u00e9s de la Vicefiscal General de Control Regional que obtuvo la orden de aprehensi\u00f3n.<\/p>\n\n\n\n<p>Luego de localizar al objetivo, elementos de la Agencia Estatal de Investigaciones desplegaron un operativo para dar cumplimiento al mandato judicial, por el que detuvieron a B. A. R. el martes 17 de octubre, acci\u00f3n derivada de la carpeta de investigaci\u00f3n iniciada por feminicidio y tentativa de feminicidio, cometidos en agravio de Y. G. C. y F. G. J., respectivamente.<\/p>\n\n\n\n<p>Inmediatamente despu\u00e9s de su captura, B. A. R. fue presentado ante la autoridad ministerial correspondiente para determinar su situaci\u00f3n jur\u00eddica en las pr\u00f3ximas horas.<\/p>\n\n\n\n<p>VIOLADOR&nbsp;SENTENCIADO<\/p>\n\n\n\n<p>Por otra parte, investigaciones de la Fiscal\u00eda General del Estado de Oaxaca (FGEO) dieron la certeza jur\u00eddica para comprobar la responsabilidad de Alfonso S. M., en la comisi\u00f3n del delito de Violaci\u00f3n, ocurrido en la regi\u00f3n de la Sierra de Flores Mag\u00f3n, por lo que se obtuvo una sentencia condenatoria en su contra y tendr\u00e1 que pasar m\u00e1s de nueve a\u00f1os en prisi\u00f3n.<\/p>\n\n\n\n<p>Los hechos ocurrieron el 28 de septiembre de 2022, cuando la v\u00edctima estaba en un domicilio del municipio de Santa Mar\u00eda Chilchotla, donde Alfonso S. M. la agredi\u00f3 sexualmente, configur\u00e1ndose el delito de Violaci\u00f3n.<\/p>\n\n\n\n<p>Por los hechos, la v\u00edctima acudi\u00f3 ante la FGEO para presentar la denuncia correspondiente, lo que permiti\u00f3 se iniciara la carpeta de investigaci\u00f3n a cargo de la Vicefiscal\u00eda General de Control Regional, misma que realiz\u00f3 los trabajos ministeriales gracias a los cuales se obtuvo una orden de aprehensi\u00f3n que fue ejecutada por elementos de la Agencia Estatal de Investigaciones.&nbsp;<\/p>\n\n\n\n<p>Luego que la Fiscal\u00eda present\u00f3 los elementos de prueba resultantes de las indagatorias, ante el Juez que atiende la causa, se llev\u00f3 a cabo el procedimiento abreviado en el que se impuso al acusado Alfonso S. M. la pena de 9 a\u00f1os con 4 meses, as\u00ed mismo se le impuso la multa, as\u00ed como al pago de la reparaci\u00f3n del da\u00f1o a favor de la v\u00edctima en abstracto.<\/p>\n\n\n\n<p>CONTRA HOMICIDAS<\/p>\n\n\n\n<p>En tanto que, como resultado de las investigaciones ministeriales y gracias a un efectivo despliegue policial, la Fiscal\u00eda General del Estado de Oaxaca (FGEO) ejecut\u00f3 una orden de aprehensi\u00f3n y detuvo a dos personas del sexo masculino identificadas como J. E. P. M. y E. R. P. M, por el delito de Homicidio Calificado, cometido en los Valles Centrales de Oaxaca.<\/p>\n\n\n\n<p>De acuerdo con el expediente penal del caso, los hechos ocurrieron el 18 de junio de 2023, cuando la v\u00edctima se encontraba en inmediaciones del paraje Yahuiche, perteneciente al municipio de Tlacolula de Matamoros, donde fue agredido con un arma de fuego, por lo que result\u00f3 con lesiones que terminaron con su vida.<\/p>\n\n\n\n<p>La FGEO tom\u00f3 conocimiento de la situaci\u00f3n e inici\u00f3 los trabajos pertinentes a trav\u00e9s de la Direcci\u00f3n de Averiguaciones Previas y Procesos, que luego de realizar las investigaciones en torno a este homicidio que permitieron robustecer la teor\u00eda del caso, solicit\u00f3 una orden de aprehensi\u00f3n la cual fue concedida.<\/p>\n\n\n\n<p>Elementos de la Agencia Estatal de Investigaciones (AEI) se dieron a la tarea de rastrear y localizar a las dos personas en contra de quienes dieron cumplimiento al mandato judicial, por lo cual fueron detenidas.<\/p>\n\n\n\n<p>Luego de presentar a J. E. P. M. y E. R. P. M ante el Juez, \u00e9ste impuso la medida cautelar de prisi\u00f3n preventiva en contra de ambos imputados, adem\u00e1s que fij\u00f3 la fecha para la audiencia de vinculaci\u00f3n a proceso.<\/p>\n\n\n\n<p>AGRESORES SEXUALES<\/p>\n\n\n\n<p>Dentro de las labores para sancionar y erradicar la violencia sexual contra ni\u00f1as, ni\u00f1os y adolescentes en diferentes partes de la entidad, la Fiscal\u00eda General del Estado de Oaxaca (FGEO) obtuvo auto de vinculaci\u00f3n a proceso y ejecut\u00f3 una orden de aprehensi\u00f3n contra dos personas, por casos diferentes, ocurridos en la regi\u00f3n de la Sierra de Flores Mag\u00f3n y en la Costa, respectivamente.<\/p>\n\n\n\n<p>El primero de los hechos, ocurri\u00f3 en el municipio de Eloxochitl\u00e1n de Flores Mag\u00f3n, cuando el agresor de la v\u00edctima (una adolescente cuya identidad est\u00e1 protegida por la Ley) la llev\u00f3 a un camino de terracer\u00eda que conduce a la comunidad de San Jos\u00e9 Buena Vista, donde la agredi\u00f3 sexualmente, conducta que constituye del delito de Violaci\u00f3n.<\/p>\n\n\n\n<p>La v\u00edctima, con el respaldo familiar, acudi\u00f3 ante la FGEO para denunciar los hechos, por lo que se iniciaron las investigaciones a cargo de la Vicefiscal\u00eda General de Control Regional, misma que logr\u00f3 la aprehensi\u00f3n del imputado.<\/p>\n\n\n\n<p>Luego de presentar las pruebas ante el Juez, se dict\u00f3 auto de vinculaci\u00f3n a proceso en contra de S. F. P., a quien se impuso prisi\u00f3n preventiva y otorg\u00f3 tres meses para el cierre de la investigaci\u00f3n complementaria.<\/p>\n\n\n\n<p>El segundo caso sucedi\u00f3 en Puerto Escondido, perteneciente a San Pedro Mixtepec, en el domicilio de la v\u00edctima (adolescente cuya identidad est\u00e1 protegida por la Ley) donde fue v\u00edctima de violaci\u00f3n equiparada.<\/p>\n\n\n\n<p>Tras recibir la denuncia, la Fiscal\u00eda inici\u00f3 la investigaci\u00f3n correspondiente, a trav\u00e9s de la Vicefiscal\u00eda Regional de la Costa que, tras realizar las labores judiciales necesarias, obtuvo una orden de aprehensi\u00f3n que se ejecut\u00f3 en contra de P. R. R., quien fue puesto a disposici\u00f3n de la autoridad ministerial correspondiente para resolver su situaci\u00f3n jur\u00eddica en las pr\u00f3ximas horas.<\/p>\n\n\n\n<p>Los delitos sexuales contra ni\u00f1as, ni\u00f1os y adolescentes vulneran los derechos de este sector social que, en un buen porcentaje de los casos, sufre este tipo de violencias en su propio hogar, por lo que la Fiscal\u00eda de Oaxaca brinda acompa\u00f1amiento integral a las v\u00edctimas como parte de los trabajos de procuraci\u00f3n de justicia a su favor.<\/p>\n","protected":false},"excerpt":{"rendered":"<p>Redacci\u00f3n\/Zona Roja.&nbsp; Oaxaca de Ju\u00e1rez, Oax., a 21 de octubre de 2023.- La acci\u00f3n policial&hellip;<\/p>\n","protected":false},"author":2,"featured_media":48536,"comment_status":"closed","ping_status":"open","sticky":false,"template":"","format":"standard","meta":{"_lmt_disableupdate":"","_lmt_disable":"","_jetpack_memberships_contains_paid_content":false,"footnotes":""},"categories":[109,46],"tags":[494],"class_list":["post-61206","post","type-post","status-publish","format-standard","has-post-thumbnail","hentry","category-minuto-a-minuto","category-zona-blanca","tag-fiscalia-general-del-estado-de-oaxaca"],"jetpack_featured_media_url":"https:\/\/zonaroja.com.mx\/wp-content\/uploads\/2022\/11\/Carcel-prision-separos-detenido-1.jpeg","jetpack_sharing_enabled":true,"_links":{"self":[{"href":"https:\/\/zonaroja.com.mx\/index.php?rest_route=\/wp\/v2\/posts\/61206","targetHints":{"allow":["GET"]}}],"collection":[{"href":"https:\/\/zonaroja.com.mx\/index.php?rest_route=\/wp\/v2\/posts"}],"about":[{"href":"https:\/\/zonaroja.com.mx\/index.php?rest_route=\/wp\/v2\/types\/post"}],"author":[{"embeddable":true,"href":"https:\/\/zonaroja.com.mx\/index.php?rest_route=\/wp\/v2\/users\/2"}],"replies":[{"embeddable":true,"href":"https:\/\/zonaroja.com.mx\/index.php?rest_route=%2Fwp%2Fv2%2Fcomments&post=61206"}],"version-history":[{"count":1,"href":"https:\/\/zonaroja.com.mx\/index.php?rest_route=\/wp\/v2\/posts\/61206\/revisions"}],"predecessor-version":[{"id":61207,"href":"https:\/\/zonaroja.com.mx\/index.php?rest_route=\/wp\/v2\/posts\/61206\/revisions\/61207"}],"wp:featuredmedia":[{"embeddable":true,"href":"https:\/\/zonaroja.com.mx\/index.php?rest_route=\/wp\/v2\/media\/48536"}],"wp:attachment":[{"href":"https:\/\/zonaroja.com.mx\/index.php?rest_route=%2Fwp%2Fv2%2Fmedia&parent=61206"}],"wp:term":[{"taxonomy":"category","embeddable":true,"href":"https:\/\/zonaroja.com.mx\/index.php?rest_route=%2Fwp%2Fv2%2Fcategories&post=61206"},{"taxonomy":"post_tag","embeddable":true,"href":"https:\/\/zonaroja.com.mx\/index.php?rest_route=%2Fwp%2Fv2%2Ftags&post=61206"}],"curies":[{"name":"wp","href":"https:\/\/api.w.org\/{rel}","templated":true}]}}