{"id":61208,"date":"2023-10-21T11:00:00","date_gmt":"2023-10-21T16:00:00","guid":{"rendered":"http:\/\/www.zonaroja.com.mx\/?p=61208"},"modified":"2023-10-21T08:09:53","modified_gmt":"2023-10-21T13:09:53","slug":"por-fin-hamas-libera-a-dos-rehenes-estadounidenses","status":"publish","type":"post","link":"https:\/\/zonaroja.com.mx\/?p=61208","title":{"rendered":"Por fin, Ham\u00e1s libera a dos rehenes estadounidenses"},"content":{"rendered":"\n<p>Redacci\u00f3n\/Zona Roja Cdmx.<\/p>\n\n\n\n<p>Ciudad de M\u00e9xico, a 21 de octubre de 2023.- El portavoz de las Brigadas Al Qasam, Abu Obeida, anunci\u00f3 la liberaci\u00f3n de dos rehenes estadounidenses por \u201crazones humanitarias\u201d, tras la mediaci\u00f3n de Qatar.<\/p>\n\n\n\n<p>Abu Obeida, cuyo grupo es el brazo armado de Ham\u00e1s, dijo en su cuenta de Telegram que ambas secuestradas son madre e hija.<\/p>\n\n\n\n<p>Afirm\u00f3 que han adoptado este gesto para \u201cdemostrar al pueblo estadounidense y al mundo que las afirmaciones hechas por (el presidente de EE.UU. Joe) Biden y su Administraci\u00f3n fascista son falsas e infundadas\u201d.<\/p>\n\n\n\n<p>Por el momento, las autoridades israel\u00edes no han confirmado oficialmente la liberaci\u00f3n de las dos secuestradas, a las que las Brigadas Al Qasam no identific\u00f3.<\/p>\n\n\n\n<p>La Oficina del Primer Ministro de Israel identific\u00f3 a las personas liberadas esta noche son Judith Tai Raanan y Natalie Shoshana Raanan,&nbsp;secuestradas por la organizaci\u00f3n terrorista Hamas en el sangriento ataque sorpresa el pasado s\u00e1bado 7 de octubre mientras estaban alojadas en el Kibbutz Najal Oz.<\/p>\n\n\n\n<p>El coordinador para el asunto de los secuestrados y desaparecidos, general de Brigada Gal Hirsch, junto a las Fuerzas de Defensa de Israel y las fuerzas de seguridad, las recibieron en la frontera con la Franja de Gaza y en estos momentos se encuentran en camino a un punto de encuentro en una base del ej\u00e9rcito en el centro del pa\u00eds, donde las esperan sus familiares\u201d, se\u00f1al\u00f3 el comunicado.<\/p>\n\n\n\n<p>El anuncio se produce dos d\u00edas despu\u00e9s de que Biden visitara Israel para demostrar el apoyo \u201cinquebrantable\u201d de su pa\u00eds y defender el derecho de los israel\u00edes a defenderse.<\/p>\n\n\n\n<p>Adem\u00e1s, compar\u00f3 a Ham\u00e1s con el grupo terrorista Estado Isl\u00e1mico (EI) y asegur\u00f3 que las \u201catrocidades\u201d que ha cometido la organizaci\u00f3n palestina hacen que el \u201cd\u00e1esh\u201d parezca m\u00e1s racional.<\/p>\n\n\n\n<p>Biden tambi\u00e9n respald\u00f3 la tesis de Israel sobre la explosi\u00f3n el martes en un hospital de Gaza, que apunta a un cohete fallido de la Yihad Isl\u00e1mica como la causa.<\/p>\n\n\n\n<p>Se desconoce el n\u00famero exacto de rehenes con pasaporte estadounidense en manos de los islamistas en Gaza. Actualmente hay 13 estadounidenses desaparecidos y una treinta de muertos tras el ataque sorpresa de Ham\u00e1s del pasado 7 de octubre contra Israel, que dej\u00f3 m\u00e1s de mil 400 muertos en suelo israel\u00ed.<\/p>\n\n\n\n<p>El grupo palestino secuestr\u00f3, adem\u00e1s, a 250 rehenes -200 que dice que est\u00e1n en sus manos y 50 en poder de otras milicias palestinas-, aunque el Ej\u00e9rcito israel\u00ed ha rebajado ese n\u00famero a 203.<\/p>\n\n\n\n<p>(Con informaci\u00f3n de EFE y L\u00f3pez-D\u00f3riga Digital)<\/p>\n","protected":false},"excerpt":{"rendered":"<p>Redacci\u00f3n\/Zona Roja Cdmx. Ciudad de M\u00e9xico, a 21 de octubre de 2023.- El portavoz de&hellip;<\/p>\n","protected":false},"author":2,"featured_media":61209,"comment_status":"closed","ping_status":"open","sticky":false,"template":"","format":"standard","meta":{"_lmt_disableupdate":"","_lmt_disable":"","_jetpack_memberships_contains_paid_content":false,"footnotes":""},"categories":[109,46,47],"tags":[2668],"class_list":["post-61208","post","type-post","status-publish","format-standard","has-post-thumbnail","hentry","category-minuto-a-minuto","category-zona-blanca","category-zona-gris","tag-conflicto-gaza-israel"],"jetpack_featured_media_url":"https:\/\/zonaroja.com.mx\/wp-content\/uploads\/2023\/10\/Rehenes-liberados-Israel-Gaza.jpeg","jetpack_sharing_enabled":true,"_links":{"self":[{"href":"https:\/\/zonaroja.com.mx\/index.php?rest_route=\/wp\/v2\/posts\/61208","targetHints":{"allow":["GET"]}}],"collection":[{"href":"https:\/\/zonaroja.com.mx\/index.php?rest_route=\/wp\/v2\/posts"}],"about":[{"href":"https:\/\/zonaroja.com.mx\/index.php?rest_route=\/wp\/v2\/types\/post"}],"author":[{"embeddable":true,"href":"https:\/\/zonaroja.com.mx\/index.php?rest_route=\/wp\/v2\/users\/2"}],"replies":[{"embeddable":true,"href":"https:\/\/zonaroja.com.mx\/index.php?rest_route=%2Fwp%2Fv2%2Fcomments&post=61208"}],"version-history":[{"count":1,"href":"https:\/\/zonaroja.com.mx\/index.php?rest_route=\/wp\/v2\/posts\/61208\/revisions"}],"predecessor-version":[{"id":61210,"href":"https:\/\/zonaroja.com.mx\/index.php?rest_route=\/wp\/v2\/posts\/61208\/revisions\/61210"}],"wp:featuredmedia":[{"embeddable":true,"href":"https:\/\/zonaroja.com.mx\/index.php?rest_route=\/wp\/v2\/media\/61209"}],"wp:attachment":[{"href":"https:\/\/zonaroja.com.mx\/index.php?rest_route=%2Fwp%2Fv2%2Fmedia&parent=61208"}],"wp:term":[{"taxonomy":"category","embeddable":true,"href":"https:\/\/zonaroja.com.mx\/index.php?rest_route=%2Fwp%2Fv2%2Fcategories&post=61208"},{"taxonomy":"post_tag","embeddable":true,"href":"https:\/\/zonaroja.com.mx\/index.php?rest_route=%2Fwp%2Fv2%2Ftags&post=61208"}],"curies":[{"name":"wp","href":"https:\/\/api.w.org\/{rel}","templated":true}]}}