{"id":61214,"date":"2023-10-21T13:00:00","date_gmt":"2023-10-21T18:00:00","guid":{"rendered":"http:\/\/www.zonaroja.com.mx\/?p=61214"},"modified":"2023-10-21T08:29:40","modified_gmt":"2023-10-21T13:29:40","slug":"juez-ordena-a-amlo-frenar-discurso-de-odio-contra-trabajadores-de-poder-judicial","status":"publish","type":"post","link":"https:\/\/zonaroja.com.mx\/?p=61214","title":{"rendered":"Juez ordena a AMLO frenar discurso de odio contra trabajadores de Poder Judicial"},"content":{"rendered":"\n<p>Redacci\u00f3n\/Zona Roja Cdmx.<\/p>\n\n\n\n<p>Ciudad de M\u00e9xico, a 21 de octubre de 2023.- El Presidente Andr\u00e9s Manuel L\u00f3pez Obrador debe abstenerse de emitir expresiones o discursos de odio contra los trabajadores del Poder Judicial de la Federaci\u00f3n (PJF) que participen en la marcha del domingo 22 de octubre, orden\u00f3 un juez federal.<\/p>\n\n\n\n<p>La resoluci\u00f3n se dio luego de que un grupo de funcionarios judiciales interpusiera un amparo para proteger a quienes se manifiesten en contra de la desaparici\u00f3n de 13 fideicomisos del PJF.<\/p>\n\n\n\n<p>\u00abSe concede de oficio la suspensi\u00f3n de plano, para el efecto de que, sin invadir el \u00e1mbito de facultades de la autoridad responsable, el Presidente de la Rep\u00fablica se abstenga de realizar expresiones que puedan contener un discurso de odio que incite a generar confrontaci\u00f3n, ataque o violencia de cualquier tipo hacia los manifestantes del Poder Judicial y acompa\u00f1antes que asistan a la marcha del 22 de octubre del a\u00f1o que transcurre\u00bb, expone el amparo.<\/p>\n\n\n\n<p>Gabriel Regis L\u00f3pez, del juzgado Decimosexto de Distrito en Materia Administrativa en la Ciudad de M\u00e9xico, concedi\u00f3 la suspensi\u00f3n, adem\u00e1s, para prohibir a la Secretar\u00eda de Seguridad Ciudadana capitalina reprimir a los manifestantes.<\/p>\n\n\n\n<p>Tambi\u00e9n ordena que se proteja, respete y garantice el derecho humano a manifestarse de quienes asistan a la marcha, siempre y cuando no se afecten derechos de terceros.<\/p>\n\n\n\n<p>Esta semana, trabajadores del Poder Judicial de la Federaci\u00f3n iniciaron un paro de labores como protesta por la desaparici\u00f3n de 13 de sus 14 fideicomisos. D\u00edas antes, el Senado de la Rep\u00fablica aprob\u00f3 una reforma para eliminar esas bolsas de recursos con el argumento de que se destinan a costear privilegios de los ministros y ministras de la Suprema Corte de Justicia de la Naci\u00f3n (SCJN) y de magistrados y jueces.<\/p>\n\n\n\n<p>Sin embargo, los trabajadores del Poder Judicial han asegurado que los fideicomisos eliminados se utilizan de manera complementaria para el pago de derechos laborales de lo empleados, como seguridad social, vivienda, pensiones, cobertura de salud y retiro.<\/p>\n\n\n\n<p>As\u00ed que han tomado las calles de la Ciudad de M\u00e9xico y protestado afuera de la C\u00e1mara de Diputados para exigir que los fideicomisos se mantengan.<\/p>\n\n\n\n<p>L\u00f3pez Obrador ha criticado esas manifestaciones y este viernes calific\u00f3 de \u201cpena ajena\u201d la marcha convocada por los trabajadores el pr\u00f3ximo domingo. \u00ab(Es) una marcha para mantener privilegios, es de pena ajena, adem\u00e1s mintiendo. Hemos dicho que no se les va a quitar salarios, no se les van a disminuir sus sueldos a los trabajadores del Poder Judicial, ni se les van a quitar prestaciones, nada, es a los de arriba, que es una verg\u00fcenza\u201d, expres\u00f3 en su conferencia ma\u00f1anera.<\/p>\n\n\n\n<p>Este viernes, los trabajadores del PJF planeaban protestar afuera de Palacio Nacional mientras el presidente emit\u00eda ah\u00ed su conferencia de prensa. Pero polic\u00edas de la Ciudad de M\u00e9xico cercaron el Z\u00f3calo con vallas met\u00e1licas, lo que les impidi\u00f3 el paso.<\/p>\n\n\n\n<p>As\u00ed que los trabajadores cancelaron esa protesta y convocaron a marchar el pr\u00f3ximo domingo a las 11:00 horas del Monumento a la Revoluci\u00f3n al Z\u00f3calo en defensa del PJF.<\/p>\n\n\n\n<p>(Informaci\u00f3n de \u201cExpansi\u00f3n Pol\u00edtica\u201d)<\/p>\n","protected":false},"excerpt":{"rendered":"<p>Redacci\u00f3n\/Zona Roja Cdmx. Ciudad de M\u00e9xico, a 21 de octubre de 2023.- El Presidente Andr\u00e9s&hellip;<\/p>\n","protected":false},"author":2,"featured_media":61215,"comment_status":"closed","ping_status":"open","sticky":false,"template":"","format":"standard","meta":{"_lmt_disableupdate":"","_lmt_disable":"","_jetpack_memberships_contains_paid_content":false,"footnotes":""},"categories":[109,47],"tags":[143],"class_list":["post-61214","post","type-post","status-publish","format-standard","has-post-thumbnail","hentry","category-minuto-a-minuto","category-zona-gris","tag-andres-manuel-lopez-obrador"],"jetpack_featured_media_url":"https:\/\/zonaroja.com.mx\/wp-content\/uploads\/2023\/10\/Protesta-trabajadores-del-Poder-Judicial-de-la-Federacion.jpg","jetpack_sharing_enabled":true,"_links":{"self":[{"href":"https:\/\/zonaroja.com.mx\/index.php?rest_route=\/wp\/v2\/posts\/61214","targetHints":{"allow":["GET"]}}],"collection":[{"href":"https:\/\/zonaroja.com.mx\/index.php?rest_route=\/wp\/v2\/posts"}],"about":[{"href":"https:\/\/zonaroja.com.mx\/index.php?rest_route=\/wp\/v2\/types\/post"}],"author":[{"embeddable":true,"href":"https:\/\/zonaroja.com.mx\/index.php?rest_route=\/wp\/v2\/users\/2"}],"replies":[{"embeddable":true,"href":"https:\/\/zonaroja.com.mx\/index.php?rest_route=%2Fwp%2Fv2%2Fcomments&post=61214"}],"version-history":[{"count":1,"href":"https:\/\/zonaroja.com.mx\/index.php?rest_route=\/wp\/v2\/posts\/61214\/revisions"}],"predecessor-version":[{"id":61216,"href":"https:\/\/zonaroja.com.mx\/index.php?rest_route=\/wp\/v2\/posts\/61214\/revisions\/61216"}],"wp:featuredmedia":[{"embeddable":true,"href":"https:\/\/zonaroja.com.mx\/index.php?rest_route=\/wp\/v2\/media\/61215"}],"wp:attachment":[{"href":"https:\/\/zonaroja.com.mx\/index.php?rest_route=%2Fwp%2Fv2%2Fmedia&parent=61214"}],"wp:term":[{"taxonomy":"category","embeddable":true,"href":"https:\/\/zonaroja.com.mx\/index.php?rest_route=%2Fwp%2Fv2%2Fcategories&post=61214"},{"taxonomy":"post_tag","embeddable":true,"href":"https:\/\/zonaroja.com.mx\/index.php?rest_route=%2Fwp%2Fv2%2Ftags&post=61214"}],"curies":[{"name":"wp","href":"https:\/\/api.w.org\/{rel}","templated":true}]}}