{"id":61217,"date":"2023-10-21T14:00:00","date_gmt":"2023-10-21T19:00:00","guid":{"rendered":"http:\/\/www.zonaroja.com.mx\/?p=61217"},"modified":"2023-10-21T08:43:26","modified_gmt":"2023-10-21T13:43:26","slug":"confirman-trabajadores-desconocimiento-de-funcionarios-del-hospital-civil-de-oaxaca","status":"publish","type":"post","link":"https:\/\/zonaroja.com.mx\/?p=61217","title":{"rendered":"Confirman trabajadores desconocimiento de funcionarios del Hospital Civil de Oaxaca"},"content":{"rendered":"\n<p>Redacci\u00f3n\/Zona Roja.<\/p>\n\n\n\n<p>Oaxaca de Ju\u00e1rez, Oax., a 21 de octubre de 2023.- Trabajadores sindicalizados del Hospital General \u201cDr. Aurelio Valdivieso\u201d, dependiente de los Servicios de Salud de Oaxaca (SSO), confirmaron el desconocimiento del cuerpo de gobierno de dicho nosocomio.<\/p>\n\n\n\n<p>Ello luego de dos semanas de paro de labores, en el marco de los conflictos internos con la dirigencia de la Subsecci\u00f3n 07, de la Secci\u00f3n 35 del Sindicato Nacional de Trabajadores de la Salud, a quienes acusan de corrupci\u00f3n en contubernio con los funcionarios.<\/p>\n\n\n\n<p>La protesta inici\u00f3 el pasado viernes 7 de octubre, tras la denuncia de una empleada de base y evidencias de irregularidades en procesos escalafonarios del personal administrativo.<\/p>\n\n\n\n<p>El 9 de octubre y tras una asamblea extraordinaria, con la presencia del comit\u00e9 ejecutivo de la Secci\u00f3n 35, se dio el desconocimiento de la dirigencia de la Subsecci\u00f3n 07 del Hospital Civil, encabezado por Marcos G\u00f3mez Cruz.<\/p>\n\n\n\n<p>Asimismo, se tom\u00f3 \u201ccomo acuerdo el desconocimiento del cuerpo de gobierno por la colusi\u00f3n entre patr\u00f3n y sindicato, a lo cual Omar de Jes\u00fas L\u00f3pez S\u00e1nchez, como secretario General del SNTSA, respald\u00f3 dicha solicitud de la base trabajadora y acompa\u00f1o al cierre de oficinas del \u00e1rea de gobierno; tambi\u00e9n aval\u00f3 el cierre de las oficinas subseccionales y emiti\u00f3 una acta circunstanciada de hechos donde pone bajo resguardo del CES esas oficinas\u201d.&nbsp;<\/p>\n\n\n\n<p>Fue hasta los d\u00edas 11 y 13 de octubre en que funcionarios de los SSO convocaron a mesas de trabajo para escuchar las inquietudes de los inconformes y verificar el estado de su estructura gubernamental dentro del hospital por el desconocimiento y cierre del \u00e1rea de gobierno.<\/p>\n\n\n\n<p>En ese encuentro reiteraron su demanda de remover de sus cargos a los subdirectores, coordinadores y jefatura de enfermer\u00eda que integran la administraci\u00f3n actual del Hospital Civil.<\/p>\n\n\n\n<p>De la misma manera, suspender los procesos administrativos de los movimientos dictaminar hasta su evaluaci\u00f3n, as\u00ed como las contrataciones realizadas durante el periodo del ahora ex dirigente sindical.<\/p>\n\n\n\n<p>El pasado lunes 16 de octubre se realiz\u00f3 la entrega a la Secci\u00f3n 35 del SNTE el expediente que consta con pruebas documentales de las irregularidades de los procesos, as\u00ed como el documento firmado por la base trabajadora desconociendo de manera definitiva a todos los integrantes de la Subsecci\u00f3n 07.<\/p>\n\n\n\n<p>Pese a que la problem\u00e1tica contin\u00faa, los sindicalizados aseguran que las actividades en el Hospital Civil contin\u00faan de manera normal, \u201ca pesar del sobrecupo y las carencias en cuanto a la infraestructura, falta de herramientas, material de curaci\u00f3n, falta de recurso humano y la falsa gratuidad que pregona las Secretar\u00eda de Salud estatal y federal\u201d.<\/p>\n","protected":false},"excerpt":{"rendered":"<p>Redacci\u00f3n\/Zona Roja. Oaxaca de Ju\u00e1rez, Oax., a 21 de octubre de 2023.- Trabajadores sindicalizados del&hellip;<\/p>\n","protected":false},"author":2,"featured_media":60946,"comment_status":"closed","ping_status":"open","sticky":false,"template":"","format":"standard","meta":{"_lmt_disableupdate":"","_lmt_disable":"","_jetpack_memberships_contains_paid_content":false,"footnotes":""},"categories":[109,47],"tags":[781],"class_list":["post-61217","post","type-post","status-publish","format-standard","has-post-thumbnail","hentry","category-minuto-a-minuto","category-zona-gris","tag-hospital-civil-dr-aurelio-valdivieso-de-oaxaca"],"jetpack_featured_media_url":"https:\/\/zonaroja.com.mx\/wp-content\/uploads\/2023\/10\/Conflicto-Hospital-Civil-Oaxaca.jpg","jetpack_sharing_enabled":true,"_links":{"self":[{"href":"https:\/\/zonaroja.com.mx\/index.php?rest_route=\/wp\/v2\/posts\/61217","targetHints":{"allow":["GET"]}}],"collection":[{"href":"https:\/\/zonaroja.com.mx\/index.php?rest_route=\/wp\/v2\/posts"}],"about":[{"href":"https:\/\/zonaroja.com.mx\/index.php?rest_route=\/wp\/v2\/types\/post"}],"author":[{"embeddable":true,"href":"https:\/\/zonaroja.com.mx\/index.php?rest_route=\/wp\/v2\/users\/2"}],"replies":[{"embeddable":true,"href":"https:\/\/zonaroja.com.mx\/index.php?rest_route=%2Fwp%2Fv2%2Fcomments&post=61217"}],"version-history":[{"count":1,"href":"https:\/\/zonaroja.com.mx\/index.php?rest_route=\/wp\/v2\/posts\/61217\/revisions"}],"predecessor-version":[{"id":61218,"href":"https:\/\/zonaroja.com.mx\/index.php?rest_route=\/wp\/v2\/posts\/61217\/revisions\/61218"}],"wp:featuredmedia":[{"embeddable":true,"href":"https:\/\/zonaroja.com.mx\/index.php?rest_route=\/wp\/v2\/media\/60946"}],"wp:attachment":[{"href":"https:\/\/zonaroja.com.mx\/index.php?rest_route=%2Fwp%2Fv2%2Fmedia&parent=61217"}],"wp:term":[{"taxonomy":"category","embeddable":true,"href":"https:\/\/zonaroja.com.mx\/index.php?rest_route=%2Fwp%2Fv2%2Fcategories&post=61217"},{"taxonomy":"post_tag","embeddable":true,"href":"https:\/\/zonaroja.com.mx\/index.php?rest_route=%2Fwp%2Fv2%2Ftags&post=61217"}],"curies":[{"name":"wp","href":"https:\/\/api.w.org\/{rel}","templated":true}]}}