{"id":61228,"date":"2023-10-21T20:52:54","date_gmt":"2023-10-22T01:52:54","guid":{"rendered":"http:\/\/www.zonaroja.com.mx\/?p=61228"},"modified":"2023-10-21T20:52:57","modified_gmt":"2023-10-22T01:52:57","slug":"otra-vez-salina-cruz-ejecutan-a-individuo-cerca-de-centro-comercial","status":"publish","type":"post","link":"https:\/\/zonaroja.com.mx\/?p=61228","title":{"rendered":"Otra vez Salina Cruz: ejecutan a individuo cerca de centro comercial"},"content":{"rendered":"\n<p>Ismael Garc\u00eda M.\/Zona Roja.<\/p>\n\n\n\n<p>Oaxaca de Ju\u00e1rez, Oax., a 21 de octubre de 2023.- La violencia resurgi\u00f3 en el municipio de Salina Cruz, con una persona ejecutada a balazos, ante la nula atenci\u00f3n del edil morenista Daniel M\u00e9ndez Sosa a la seguridad de la poblaci\u00f3n.<\/p>\n\n\n\n<p>El crimen ocurri\u00f3 esta noche en la colonia Aviaci\u00f3n, frente a una tienda Bodega Aurrer\u00e1, zona de alta fluencia de personas por ser fin de semana, y pese a ello no hab\u00eda polic\u00edas municipales en la zona.<\/p>\n\n\n\n<p>La v\u00edctima fue identificada de manera preliminar como Jes\u00fas A. N., quien presenta varios impactos de arma de fuego en el cuerpo.<\/p>\n\n\n\n<p>Al lugar arrib\u00f3 personal param\u00e9dico de la Comisi\u00f3n Nacional de Emergencias (CNE), que prest\u00f3 los primeros auxilios, pero corrobor\u00f3 que la v\u00edctima ya no contaba con signos vitales.<\/p>\n\n\n\n<p>Posteriormente llegaron elementos de la Vicefiscal\u00eda Regional del Istmo, para dar inicio a la carpeta de investigaci\u00f3n correspondiente y recabar elementos de prueba.<\/p>\n","protected":false},"excerpt":{"rendered":"<p>Ismael Garc\u00eda M.\/Zona Roja. Oaxaca de Ju\u00e1rez, Oax., a 21 de octubre de 2023.- La&hellip;<\/p>\n","protected":false},"author":2,"featured_media":50335,"comment_status":"closed","ping_status":"open","sticky":false,"template":"","format":"standard","meta":{"_lmt_disableupdate":"","_lmt_disable":"","_jetpack_memberships_contains_paid_content":false,"footnotes":""},"categories":[109,51],"tags":[168],"class_list":["post-61228","post","type-post","status-publish","format-standard","has-post-thumbnail","hentry","category-minuto-a-minuto","category-zona-roja","tag-salina-cruz"],"jetpack_featured_media_url":"https:\/\/zonaroja.com.mx\/wp-content\/uploads\/2023\/01\/Balazos-violencia-casquillos-escena.jpeg","jetpack_sharing_enabled":true,"_links":{"self":[{"href":"https:\/\/zonaroja.com.mx\/index.php?rest_route=\/wp\/v2\/posts\/61228","targetHints":{"allow":["GET"]}}],"collection":[{"href":"https:\/\/zonaroja.com.mx\/index.php?rest_route=\/wp\/v2\/posts"}],"about":[{"href":"https:\/\/zonaroja.com.mx\/index.php?rest_route=\/wp\/v2\/types\/post"}],"author":[{"embeddable":true,"href":"https:\/\/zonaroja.com.mx\/index.php?rest_route=\/wp\/v2\/users\/2"}],"replies":[{"embeddable":true,"href":"https:\/\/zonaroja.com.mx\/index.php?rest_route=%2Fwp%2Fv2%2Fcomments&post=61228"}],"version-history":[{"count":1,"href":"https:\/\/zonaroja.com.mx\/index.php?rest_route=\/wp\/v2\/posts\/61228\/revisions"}],"predecessor-version":[{"id":61229,"href":"https:\/\/zonaroja.com.mx\/index.php?rest_route=\/wp\/v2\/posts\/61228\/revisions\/61229"}],"wp:featuredmedia":[{"embeddable":true,"href":"https:\/\/zonaroja.com.mx\/index.php?rest_route=\/wp\/v2\/media\/50335"}],"wp:attachment":[{"href":"https:\/\/zonaroja.com.mx\/index.php?rest_route=%2Fwp%2Fv2%2Fmedia&parent=61228"}],"wp:term":[{"taxonomy":"category","embeddable":true,"href":"https:\/\/zonaroja.com.mx\/index.php?rest_route=%2Fwp%2Fv2%2Fcategories&post=61228"},{"taxonomy":"post_tag","embeddable":true,"href":"https:\/\/zonaroja.com.mx\/index.php?rest_route=%2Fwp%2Fv2%2Ftags&post=61228"}],"curies":[{"name":"wp","href":"https:\/\/api.w.org\/{rel}","templated":true}]}}