{"id":61230,"date":"2023-10-21T21:34:47","date_gmt":"2023-10-22T02:34:47","guid":{"rendered":"http:\/\/www.zonaroja.com.mx\/?p=61230"},"modified":"2023-10-21T21:34:49","modified_gmt":"2023-10-22T02:34:49","slug":"toca-tierra-norma-en-baja-california-solo-danos-materiales-y-cortes-de-energia","status":"publish","type":"post","link":"https:\/\/zonaroja.com.mx\/?p=61230","title":{"rendered":"Toca tierra \u201cNorma\u201d en Baja California; s\u00f3lo da\u00f1os materiales y cortes de energ\u00eda"},"content":{"rendered":"\n<p>Redacci\u00f3n\/Zona Roja Cdmx.<\/p>\n\n\n\n<p>Ciudad de M\u00e9xico, a 21 de octubre de 2023.- El hurac\u00e1n \u2018Norma\u2019 toc\u00f3 tierra alrededor de las 10:00 horas de este s\u00e1bado 21 de octubre en la comunidad de Todos Santos, paralizando los principales destinos tur\u00edsticos de Baja California Sur, seg\u00fan informaron autoridades en el Consejo Estatal de Protecci\u00f3n Civil<\/p>\n\n\n\n<p>\u2018Norma\u2019 ha dejado lluvias torrenciales en los municipios de La Paz y Los Cabos, provocando cortes en la carretera transpeninsular y crecidas de arroyos que incomunicaron las principales ciudades de la entidad.<\/p>\n\n\n\n<p>El Aeropuerto de San Jos\u00e9 del Cabo precis\u00f3 que m\u00e1s de 150 vuelos fueron cancelados este s\u00e1bado, sin que se garantice el reinicio de operaciones para el domingo 22 de octubre, esto debido a que la Comisi\u00f3n Nacional del Agua (Conagua) pronostica que las lluvias se prolongar\u00e1n hasta la noche de ma\u00f1ana.<\/p>\n\n\n\n<p>M\u00e1s de 13 mil personas sufrieron la cancelaci\u00f3n de operaciones en el principal puerto a\u00e9reo de la entidad.<\/p>\n\n\n\n<p>Debido a la contingencia, las autoridades municipales activaron m\u00e1s de 20 refugios temporales para albergar a casi mil 800 personas, el 80 por ciento de estas en Los Cabos.<\/p>\n\n\n\n<p>El gobernador del estado, V\u00edctor Castro Cos\u00edo, exhort\u00f3 a la ciudadan\u00eda a no confiarse ya que la emergencia no ha pasado y los efectos de \u201cNorma\u201d seguir\u00e1n azotando a la entidad durante las siguientes 24 horas.<\/p>\n\n\n\n<p>El presidente de la Rep\u00fablica, Andr\u00e9s Manuel L\u00f3pez Obrador, sostuvo una llamada con el gobernador, para reiterar apoyo para Baja California Sur e iniciar con la evaluaci\u00f3n de los da\u00f1os tras el paso del meteoro.<\/p>\n\n\n\n<p>M\u00e1s de 109 mil personas sufrieron el corte en el servicio de energ\u00eda, seg\u00fan inform\u00f3 la Comisi\u00f3n Federal de Electricidad (CFE), sin embargo, han logrado restablecer el suministro al 44 por ciento de la poblaci\u00f3n afectada.<\/p>\n\n\n\n<p>Este s\u00e1bado, el meteoro lleg\u00f3 a Baja California Sur, como hurac\u00e1n categor\u00eda 1.<\/p>\n\n\n\n<p>Se estima que para el domingo 22 de octubre a las 00:00 horas, se degrade a tormenta tropical estando todav\u00eda en tierra en esa zona.<\/p>\n\n\n\n<p>Despu\u00e9s, se mover\u00e1 hacia el mediod\u00eda del domingo y podr\u00eda tocar tierra por segunda ocasi\u00f3n, ahora en Sinaloa, el lunes a las 12:00 horas como depresi\u00f3n tropical.<\/p>\n\n\n\n<p>(Informaci\u00f3n de \u201cEl financiero\u201d)<\/p>\n","protected":false},"excerpt":{"rendered":"<p>Redacci\u00f3n\/Zona Roja Cdmx. Ciudad de M\u00e9xico, a 21 de octubre de 2023.- El hurac\u00e1n \u2018Norma\u2019&hellip;<\/p>\n","protected":false},"author":2,"featured_media":61231,"comment_status":"closed","ping_status":"open","sticky":false,"template":"","format":"standard","meta":{"_lmt_disableupdate":"","_lmt_disable":"","_jetpack_memberships_contains_paid_content":false,"footnotes":""},"categories":[109,47],"tags":[],"class_list":["post-61230","post","type-post","status-publish","format-standard","has-post-thumbnail","hentry","category-minuto-a-minuto","category-zona-gris"],"jetpack_featured_media_url":"https:\/\/zonaroja.com.mx\/wp-content\/uploads\/2023\/10\/Huracan-Norma-Baja-California.tiff","jetpack_sharing_enabled":true,"_links":{"self":[{"href":"https:\/\/zonaroja.com.mx\/index.php?rest_route=\/wp\/v2\/posts\/61230","targetHints":{"allow":["GET"]}}],"collection":[{"href":"https:\/\/zonaroja.com.mx\/index.php?rest_route=\/wp\/v2\/posts"}],"about":[{"href":"https:\/\/zonaroja.com.mx\/index.php?rest_route=\/wp\/v2\/types\/post"}],"author":[{"embeddable":true,"href":"https:\/\/zonaroja.com.mx\/index.php?rest_route=\/wp\/v2\/users\/2"}],"replies":[{"embeddable":true,"href":"https:\/\/zonaroja.com.mx\/index.php?rest_route=%2Fwp%2Fv2%2Fcomments&post=61230"}],"version-history":[{"count":1,"href":"https:\/\/zonaroja.com.mx\/index.php?rest_route=\/wp\/v2\/posts\/61230\/revisions"}],"predecessor-version":[{"id":61232,"href":"https:\/\/zonaroja.com.mx\/index.php?rest_route=\/wp\/v2\/posts\/61230\/revisions\/61232"}],"wp:featuredmedia":[{"embeddable":true,"href":"https:\/\/zonaroja.com.mx\/index.php?rest_route=\/wp\/v2\/media\/61231"}],"wp:attachment":[{"href":"https:\/\/zonaroja.com.mx\/index.php?rest_route=%2Fwp%2Fv2%2Fmedia&parent=61230"}],"wp:term":[{"taxonomy":"category","embeddable":true,"href":"https:\/\/zonaroja.com.mx\/index.php?rest_route=%2Fwp%2Fv2%2Fcategories&post=61230"},{"taxonomy":"post_tag","embeddable":true,"href":"https:\/\/zonaroja.com.mx\/index.php?rest_route=%2Fwp%2Fv2%2Ftags&post=61230"}],"curies":[{"name":"wp","href":"https:\/\/api.w.org\/{rel}","templated":true}]}}