{"id":61233,"date":"2023-10-22T07:39:19","date_gmt":"2023-10-22T12:39:19","guid":{"rendered":"http:\/\/www.zonaroja.com.mx\/?p=61233"},"modified":"2023-10-22T07:39:22","modified_gmt":"2023-10-22T12:39:22","slug":"previo-a-cumbre-a-la-que-acude-amlo-ejecutan-a-activista-en-chiapas","status":"publish","type":"post","link":"https:\/\/zonaroja.com.mx\/?p=61233","title":{"rendered":"Previo a cumbre a la que acude AMLO, ejecutan a activista en Chiapas"},"content":{"rendered":"\n<p>Redacci\u00f3n\/Zona Roja Cdmx.<\/p>\n\n\n\n<p>Ciudad de M\u00e9xico, a 22 de octubre de 2023.- El profesor Jos\u00e9 Artemio L\u00f3pez Aguilar, uno de los activistas que acompa\u00f1aba la lucha de los pobladores de Chicomuselo contra la violencia generada por el crimen organizado en la sierra y la frontera de la entidad, fue torturado y asesinado la madrugada de ayer en su domicilio, ubicado en dicho municipio.<\/p>\n\n\n\n<p>Vecinos informaron que alrededor de las 3 de la madrugada sujetos armados irrumpieron en la casa del maestro, en el barrio Las Salinas, amarraron a la esposa del docente, le quitaron su celular, lo apalearon, le cortaron el cuello y despu\u00e9s le dispararon en la frente.<\/p>\n\n\n\n<p>L\u00f3pez Aguilar, de 50 a\u00f1os, coordin\u00f3 la Marcha por la Paz que realizaron miles de habitantes de Chicomuselo el pasado 12 de octubre para exigir el cese de la violencia provocada por grupos delincuenciales que se disputan el territorio en la zona lim\u00edtrofe con Guatemala.<\/p>\n\n\n\n<p>El docente, quien era militante de Morena, daba clases en la telesecundaria del ejido Josefa Ortiz, y era secretario de la delegaci\u00f3n D-II-78, secci\u00f3n 40, de la Coordinadora Nacional de Trabajadores de la Educaci\u00f3n.<\/p>\n\n\n\n<p>FRENTE A FAMILIA<\/p>\n\n\n\n<p>\u201cLos asesinos llegaron como lo hacen los cobardes: refugiados en la oscuridad, con alevos\u00eda torturaron a nuestro compa\u00f1ero frente a su esposa y sus dos hijos\u201d, externaron los lugare\u00f1os en un comunicado.<\/p>\n\n\n\n<p>Agregaron que \u201csin duda, esta es una reacci\u00f3n a la protesta de miles de almas que, hartas de la violencia del crimen organizado y de la indiferencia del gobierno, decidieron salir a manifestarse hace 10 d\u00edas.<\/p>\n\n\n\n<p>\u201cA \u00faltimas fechas estaba muy involucrado en la lucha, la gente empez\u00f3 a confiar en \u00e9l porque estaba muy interesado en que hubiera paz en el municipio. No esper\u00e1bamos este crimen\u201d, lament\u00f3 un poblador.<\/p>\n\n\n\n<p>El comit\u00e9 ejecutivo de la asamblea estatal democr\u00e1tica de la secci\u00f3n 40 del Sindicato Nacional de Trabajadores de la Educaci\u00f3n, conden\u00f3 \u201cen\u00e9rgicamente la ejecuci\u00f3n extrajudicial\u201d de Jos\u00e9 Artemio L\u00f3pez.<\/p>\n\n\n\n<p>\u201cEn el gremio magisterial, la violencia de Chiapas ha ocasionado que varias escuelas se mantengan cerradas y ha cobrado la vida de dos docentes, que se suman a las m\u00faltiples v\u00edctimas de cr\u00edmenes de lesa humanidad\u201d, agreg\u00f3.&nbsp;<\/p>\n\n\n\n<p>La disputa por el territorio en Chicomuselo, Frontera Comalapa y otros municipios localizados en la sierra y en los l\u00edmites con Guatemala, se agrav\u00f3 hace m\u00e1s de dos a\u00f1os cuando miembros del c\u00e1rtel de Sinaloa se dividieron y algunos se integraron al de Jalisco Nueva Generaci\u00f3n, lo que ha ocasionado enfrentamientos, asesinatos, desapariciones y cobro de derecho de piso.<\/p>\n\n\n\n<p>(Informaci\u00f3n de \u201cLa Jornada\u201d)<\/p>\n","protected":false},"excerpt":{"rendered":"<p>Redacci\u00f3n\/Zona Roja Cdmx. Ciudad de M\u00e9xico, a 22 de octubre de 2023.- El profesor Jos\u00e9&hellip;<\/p>\n","protected":false},"author":2,"featured_media":61234,"comment_status":"closed","ping_status":"open","sticky":false,"template":"","format":"standard","meta":{"_lmt_disableupdate":"","_lmt_disable":"","_jetpack_memberships_contains_paid_content":false,"footnotes":""},"categories":[109,51],"tags":[3686],"class_list":["post-61233","post","type-post","status-publish","format-standard","has-post-thumbnail","hentry","category-minuto-a-minuto","category-zona-roja","tag-crimen-organizado-en-chiapas"],"jetpack_featured_media_url":"https:\/\/zonaroja.com.mx\/wp-content\/uploads\/2023\/10\/Artemio-Lopez-Chicomuselo-Chiapas.webp","jetpack_sharing_enabled":true,"_links":{"self":[{"href":"https:\/\/zonaroja.com.mx\/index.php?rest_route=\/wp\/v2\/posts\/61233","targetHints":{"allow":["GET"]}}],"collection":[{"href":"https:\/\/zonaroja.com.mx\/index.php?rest_route=\/wp\/v2\/posts"}],"about":[{"href":"https:\/\/zonaroja.com.mx\/index.php?rest_route=\/wp\/v2\/types\/post"}],"author":[{"embeddable":true,"href":"https:\/\/zonaroja.com.mx\/index.php?rest_route=\/wp\/v2\/users\/2"}],"replies":[{"embeddable":true,"href":"https:\/\/zonaroja.com.mx\/index.php?rest_route=%2Fwp%2Fv2%2Fcomments&post=61233"}],"version-history":[{"count":1,"href":"https:\/\/zonaroja.com.mx\/index.php?rest_route=\/wp\/v2\/posts\/61233\/revisions"}],"predecessor-version":[{"id":61235,"href":"https:\/\/zonaroja.com.mx\/index.php?rest_route=\/wp\/v2\/posts\/61233\/revisions\/61235"}],"wp:featuredmedia":[{"embeddable":true,"href":"https:\/\/zonaroja.com.mx\/index.php?rest_route=\/wp\/v2\/media\/61234"}],"wp:attachment":[{"href":"https:\/\/zonaroja.com.mx\/index.php?rest_route=%2Fwp%2Fv2%2Fmedia&parent=61233"}],"wp:term":[{"taxonomy":"category","embeddable":true,"href":"https:\/\/zonaroja.com.mx\/index.php?rest_route=%2Fwp%2Fv2%2Fcategories&post=61233"},{"taxonomy":"post_tag","embeddable":true,"href":"https:\/\/zonaroja.com.mx\/index.php?rest_route=%2Fwp%2Fv2%2Ftags&post=61233"}],"curies":[{"name":"wp","href":"https:\/\/api.w.org\/{rel}","templated":true}]}}