{"id":6124,"date":"2019-11-27T09:32:58","date_gmt":"2019-11-27T15:32:58","guid":{"rendered":"http:\/\/www.zonaroja.com.mx\/?p=6124"},"modified":"2019-11-27T09:33:01","modified_gmt":"2019-11-27T15:33:01","slug":"pese-protestas-mantienen-dialogo-y-acuerdos-seccion-22-ieepo-y-la-sep","status":"publish","type":"post","link":"https:\/\/zonaroja.com.mx\/?p=6124","title":{"rendered":"Pese protestas, mantienen di\u00e1logo y acuerdos Secci\u00f3n 22-IEEPO y la SEP"},"content":{"rendered":"\n<p>Redacci\u00f3n\/Zona Roja.<\/p>\n\n\n\n<p>Oaxaca de Ju\u00e1rez, Oax., 27 de noviembre\nde 2019.- Pese a las protestas de diversas fracciones de la Secci\u00f3n 22 del\nSindicato Nacional de Trabajadores de la Educaci\u00f3n (SNTE), su dirigencia\nmantiene di\u00e1logo y acuerdos con la SEP y el IEEPO.<\/p>\n\n\n\n<p>Este mi\u00e9rco,es en la ciudad de M\u00e9xico, funcionarios\ndel Instituto Estatal de Educaci\u00f3n P\u00fablica de Oaxaca (IEEPO), en coordinaci\u00f3n\ncon la Secretar\u00eda de Educaci\u00f3n P\u00fablica (SEP), como representantes del gobierno federal\ny el magisterio oaxaque\u00f1o, lograron importantes avances en la Mesa Tripartita\nrespecto a la revisi\u00f3n de incidencias administrativas, regularizaci\u00f3n de\nprocesos administrativos y basificaci\u00f3n de personal.<\/p>\n\n\n\n<p>Con la participaci\u00f3n del titular de la\nUnidad de Administraci\u00f3n y Finanzas de la SEP, H\u00e9ctor Garza Gonz\u00e1lez; del\ndirector del IEEPO, Francisco \u00c1ngel Villarreal y de la Comisi\u00f3n Pol\u00edtica de la\nSecci\u00f3n 22, que encabeza Eloy L\u00f3pez Hern\u00e1ndez, continuaron la revisi\u00f3n y seguimiento\nde las tres mil 215 incidencias administrativas.<\/p>\n\n\n\n<p>\u201cUna vez que se formalicen los acuerdos,\nel IEEPO, la SEP y la Secci\u00f3n 22 dar\u00e1n a conocer los detalles de las respuestas\nemanadas de las mesas tripartitas, donde destacan la soluci\u00f3n a las incidencias\nadministrativas, la regularizaci\u00f3n de procesos administrativos que estaban en\ntr\u00e1nsito y la basificaci\u00f3n de personal, que desde el 2015, hace cuatro a\u00f1os, no\nse da en Oaxaca\u201d, se indic\u00f3 en un comunicado.<\/p>\n\n\n\n<p>\u201cHoy los gobiernos de M\u00e9xico y de Oaxaca\nson aliados del magisterio y de acuerdo con los nuevos marcos normativos, se da\nrespuesta a los trabajadores de la educaci\u00f3n, en quienes reconocemos su\nesfuerzo por mejorar la educaci\u00f3n del estado de Oaxaca\u201d, remarc\u00f3 el Instituto\nEstatal de Educaci\u00f3n P\u00fablica.<\/p>\n","protected":false},"excerpt":{"rendered":"<p>Redacci\u00f3n\/Zona Roja. Oaxaca de Ju\u00e1rez, Oax., 27 de noviembre de 2019.- Pese a las protestas&hellip;<\/p>\n","protected":false},"author":2,"featured_media":6125,"comment_status":"closed","ping_status":"open","sticky":false,"template":"","format":"standard","meta":{"_lmt_disableupdate":"","_lmt_disable":"","_jetpack_memberships_contains_paid_content":false,"footnotes":""},"categories":[109,46],"tags":[599],"class_list":["post-6124","post","type-post","status-publish","format-standard","has-post-thumbnail","hentry","category-minuto-a-minuto","category-zona-blanca","tag-instituto-estatal-de-educacion-publica-de-oaxaca"],"jetpack_featured_media_url":"https:\/\/zonaroja.com.mx\/wp-content\/uploads\/2019\/11\/IEEPO-2-1.jpeg","jetpack_sharing_enabled":true,"_links":{"self":[{"href":"https:\/\/zonaroja.com.mx\/index.php?rest_route=\/wp\/v2\/posts\/6124","targetHints":{"allow":["GET"]}}],"collection":[{"href":"https:\/\/zonaroja.com.mx\/index.php?rest_route=\/wp\/v2\/posts"}],"about":[{"href":"https:\/\/zonaroja.com.mx\/index.php?rest_route=\/wp\/v2\/types\/post"}],"author":[{"embeddable":true,"href":"https:\/\/zonaroja.com.mx\/index.php?rest_route=\/wp\/v2\/users\/2"}],"replies":[{"embeddable":true,"href":"https:\/\/zonaroja.com.mx\/index.php?rest_route=%2Fwp%2Fv2%2Fcomments&post=6124"}],"version-history":[{"count":1,"href":"https:\/\/zonaroja.com.mx\/index.php?rest_route=\/wp\/v2\/posts\/6124\/revisions"}],"predecessor-version":[{"id":6126,"href":"https:\/\/zonaroja.com.mx\/index.php?rest_route=\/wp\/v2\/posts\/6124\/revisions\/6126"}],"wp:featuredmedia":[{"embeddable":true,"href":"https:\/\/zonaroja.com.mx\/index.php?rest_route=\/wp\/v2\/media\/6125"}],"wp:attachment":[{"href":"https:\/\/zonaroja.com.mx\/index.php?rest_route=%2Fwp%2Fv2%2Fmedia&parent=6124"}],"wp:term":[{"taxonomy":"category","embeddable":true,"href":"https:\/\/zonaroja.com.mx\/index.php?rest_route=%2Fwp%2Fv2%2Fcategories&post=6124"},{"taxonomy":"post_tag","embeddable":true,"href":"https:\/\/zonaroja.com.mx\/index.php?rest_route=%2Fwp%2Fv2%2Ftags&post=6124"}],"curies":[{"name":"wp","href":"https:\/\/api.w.org\/{rel}","templated":true}]}}