{"id":61241,"date":"2023-10-22T08:31:48","date_gmt":"2023-10-22T13:31:48","guid":{"rendered":"http:\/\/www.zonaroja.com.mx\/?p=61241"},"modified":"2023-10-22T08:31:53","modified_gmt":"2023-10-22T13:31:53","slug":"calcinan-a-dos-personas-en-su-vehiculo-en-santiago-mitlatongo","status":"publish","type":"post","link":"https:\/\/zonaroja.com.mx\/?p=61241","title":{"rendered":"Calcinan a dos personas en su veh\u00edculo en Santiago Mitlatongo"},"content":{"rendered":"\n<p>Ismael Garc\u00eda M.\/Zona Roja.<\/p>\n\n\n\n<p>Oaxaca de Ju\u00e1rez, Oax., a 22 de octubre de 2023.- Dos personas fueron calcinadas en el interior de un veh\u00edculo, en Santiago Mitlatongo, agencia municipal de Asunci\u00f3n Nochixtl\u00e1n, en la regi\u00f3n Mixteca de Oaxaca.<\/p>\n\n\n\n<p>El ataque armado ocurri\u00f3 la tarde del viernes y la informaci\u00f3n oficial ha sido escasa al respecto, tras el reporte de autoridades del Comisariado de Bienes Comunales.<\/p>\n\n\n\n<p>Fue en el paraje \u201cPico de \u00c1guila\u201d en que fue hallada la unidad de motor totalmente calcinada y en su interior se encontraron al menos dos cuerpos, de los que a\u00fan no han sido identificados legalmente.<\/p>\n\n\n\n<p>La fecha del reporte, el Comisariado report\u00f3 como desaparecidos a dos personas, Jos\u00e9 G., y Benito y G., que podr\u00edan ser las personas asesinadas.<\/p>\n\n\n\n<p>La Fiscal\u00eda General del Estado de Oaxaca inici\u00f3 las indagatorias correspondientes y traslad\u00f3 los restos humanos al Instituto de Servicios Periciales, con la finalidad de realizar las pruebas de laboratorio correspondiente.<\/p>\n\n\n\n<p>Cabe destacar que desde hace varios lustros, Santiago Mitlatongo mantiene un conflicto agrario con Santa Cruz Mitlatingo, por la disputa de tierras comunales.<\/p>\n\n\n\n<p>Por otra parte, apenas el pasado martes, en el municipio de San Mart\u00edn Ituynyoso fueron calcinadas tres personas en un veh\u00edculo de motor, cuyas v\u00edctimas son el s\u00edndico municipal, su esposa y su hija.<\/p>\n","protected":false},"excerpt":{"rendered":"<p>Ismael Garc\u00eda M.\/Zona Roja. Oaxaca de Ju\u00e1rez, Oax., a 22 de octubre de 2023.- Dos&hellip;<\/p>\n","protected":false},"author":2,"featured_media":61242,"comment_status":"closed","ping_status":"open","sticky":false,"template":"","format":"standard","meta":{"_lmt_disableupdate":"","_lmt_disable":"","_jetpack_memberships_contains_paid_content":false,"footnotes":""},"categories":[109,51],"tags":[1666],"class_list":["post-61241","post","type-post","status-publish","format-standard","has-post-thumbnail","hentry","category-minuto-a-minuto","category-zona-roja","tag-santiago-mitlatongo"],"jetpack_featured_media_url":"https:\/\/zonaroja.com.mx\/wp-content\/uploads\/2023\/10\/Calcinados-Mitlatongo.jpg","jetpack_sharing_enabled":true,"_links":{"self":[{"href":"https:\/\/zonaroja.com.mx\/index.php?rest_route=\/wp\/v2\/posts\/61241","targetHints":{"allow":["GET"]}}],"collection":[{"href":"https:\/\/zonaroja.com.mx\/index.php?rest_route=\/wp\/v2\/posts"}],"about":[{"href":"https:\/\/zonaroja.com.mx\/index.php?rest_route=\/wp\/v2\/types\/post"}],"author":[{"embeddable":true,"href":"https:\/\/zonaroja.com.mx\/index.php?rest_route=\/wp\/v2\/users\/2"}],"replies":[{"embeddable":true,"href":"https:\/\/zonaroja.com.mx\/index.php?rest_route=%2Fwp%2Fv2%2Fcomments&post=61241"}],"version-history":[{"count":1,"href":"https:\/\/zonaroja.com.mx\/index.php?rest_route=\/wp\/v2\/posts\/61241\/revisions"}],"predecessor-version":[{"id":61243,"href":"https:\/\/zonaroja.com.mx\/index.php?rest_route=\/wp\/v2\/posts\/61241\/revisions\/61243"}],"wp:featuredmedia":[{"embeddable":true,"href":"https:\/\/zonaroja.com.mx\/index.php?rest_route=\/wp\/v2\/media\/61242"}],"wp:attachment":[{"href":"https:\/\/zonaroja.com.mx\/index.php?rest_route=%2Fwp%2Fv2%2Fmedia&parent=61241"}],"wp:term":[{"taxonomy":"category","embeddable":true,"href":"https:\/\/zonaroja.com.mx\/index.php?rest_route=%2Fwp%2Fv2%2Fcategories&post=61241"},{"taxonomy":"post_tag","embeddable":true,"href":"https:\/\/zonaroja.com.mx\/index.php?rest_route=%2Fwp%2Fv2%2Ftags&post=61241"}],"curies":[{"name":"wp","href":"https:\/\/api.w.org\/{rel}","templated":true}]}}