{"id":61247,"date":"2023-10-22T13:08:00","date_gmt":"2023-10-22T18:08:00","guid":{"rendered":"http:\/\/www.zonaroja.com.mx\/?p=61247"},"modified":"2023-10-22T09:12:19","modified_gmt":"2023-10-22T14:12:19","slug":"oaxaquena-alejandra-robles-canta-a-la-negritud-en-el-cervantino","status":"publish","type":"post","link":"https:\/\/zonaroja.com.mx\/?p=61247","title":{"rendered":"Oaxaque\u00f1a Alejandra Robles canta a la negritud en el Cervantino"},"content":{"rendered":"\n<p>Redacci\u00f3n\/Zona Roja Cdmx.<\/p>\n\n\n\n<p>Ciudad de M\u00e9xico, a 22 de octubre de 2023.- La cantante oaxaque\u00f1a afrodescendiente Alejandra Robles intent\u00f3 al menos seis veces presentarse en el Festival Internacional Cervantino (FIC). Y no fue sino hasta la presente edici\u00f3n, la n\u00famero 51, que la cantante nacida en Puerto Escondido en 1978 pudo encontrar una oportunidad sobre uno de los escenarios del festival.<\/p>\n\n\n\n<p>Este s\u00e1bado 21 de octubre, Robles, una notoria activista por la visibilidad de las culturas afro en nuestro pa\u00eds, finalmente podr\u00e1 presentar al p\u00fablico asistente a la Ex-Hacienda San Gabriel, a las afueras de Guanajuato capital, varios de los temas m\u00e1s emblem\u00e1ticos de la cultura afrolatina y, por supuesto, algunas composiciones personales.<\/p>\n\n\n\n<p>\u201cEstoy muy contenta. Me cost\u00f3 mucho trabajo ganarme el foro. Voy a presentar mucho de la costa, de donde yo soy. Voy a presentar piezas tradicionales de Guerrero, de Oaxaca, algunas de Veracruz y otras que yo he compuesto, que tienen relaci\u00f3n con la negritud, con el color de piel, con el mover de caderas. Entre cada canci\u00f3n voy contando un poco de la negritud, de c\u00f3mo la he vivido yo y sobre lo importante que ha sido en la construcci\u00f3n de este pa\u00eds\u201d, comparte la cantante en entrevista con este diario.<\/p>\n\n\n\n<p>\u201cYo hab\u00eda insistido much\u00edsimo para tocar en el Cervantino. Toqu\u00e9 la puerta muchas veces, porque soy una persona muy terca. Si me dicen varias veces que no, yo s\u00e9 que me van a decir que s\u00ed a la sexta o s\u00e9ptima vez. Y precisamente creo que s\u00ed, al menos unas seis veces hab\u00eda solicitado que me incluyeran en el Cervantino. Finalmente, se me da la oportunidad y no la voy a desaprovechar. Me llevo una banda grande, voy a estar acompa\u00f1ada por 12 m\u00fasicos\u201d, refiere y complementa: \u201cno ha sido nada sencillo para m\u00ed, yo no vengo de una familia de dinero ni influyente, mi pap\u00e1 fue mi primer productor musical. \u00c9l fue el primero que me dijo que necesitaba un disco, que no pod\u00eda ir a pedir trabajo a los festivales sin una producci\u00f3n. Y \u00e9l me lo pag\u00f3\u201d.<\/p>\n\n\n\n<p>El pasado 15 de septiembre, Alejandra Robles se present\u00f3 en el escenario del Z\u00f3calo capitalino. Poco a poco, con esa obstinaci\u00f3n, y contra la adversidad estructural, la cantante y activista se ha ido abriendo paso para promover su cultura, sus ra\u00edces.<\/p>\n\n\n\n<p>\u201cHaberme presentado recientemente en el Z\u00f3calo lo confirma, es el resultado de la constancia y de la fe. Yo le digo a la gente que me escucha que no pierda la fe en sus sue\u00f1os, que siga creyendo y que siga haciendo, dentro de sus posibilidades, lo mejor que pueda, porque todos tenemos posibilidades de crear\u201d.<\/p>\n\n\n\n<p>Lo confirma el Censo de Poblaci\u00f3n y Vivienda 2020, del Inegi, que por primera vez incluy\u00f3 dentro de sus detalles el conteo sobre personas que se adscriben como afromexicanas o afrodescendientes. Este censo arroj\u00f3 que 2.57 millones de personas en el pa\u00eds se reconocen como parte de la comunidad afro, una cantidad que representa el 2% de la poblaci\u00f3n nacional.<\/p>\n\n\n\n<p>\u201cEsto es y ser\u00e1 sumamente significativo\u201d, se\u00f1ala Robles, \u201cesto tiene que tener algunos efectos, como que se acaben grandes rezagos que hay en la cultura, en la salud y la educaci\u00f3n. Los afrodescendientes somos de los m\u00e1s olvidados en el pa\u00eds, a\u00fan m\u00e1s que los ind\u00edgenas. Por todo esto es que lo que est\u00e1 sucediendo ahorita lo hace hist\u00f3rico (\u2026) los afrodescendientes no solamente estamos en las comunidades. En la Ciudad de M\u00e9xico est\u00e1 la poblaci\u00f3n m\u00e1s grande de afrodescendientes en el pa\u00eds, pero poco se les visibiliza o se les reconoce como tal. Por eso es que fue tan importante para m\u00ed presentarme en el Z\u00f3calo\u201d.<\/p>\n\n\n\n<p>(Informaci\u00f3n de \u201cEl Economista\u201d)<\/p>\n","protected":false},"excerpt":{"rendered":"<p>Redacci\u00f3n\/Zona Roja Cdmx. Ciudad de M\u00e9xico, a 22 de octubre de 2023.- La cantante oaxaque\u00f1a&hellip;<\/p>\n","protected":false},"author":2,"featured_media":61248,"comment_status":"closed","ping_status":"open","sticky":false,"template":"","format":"standard","meta":{"_lmt_disableupdate":"","_lmt_disable":"","_jetpack_memberships_contains_paid_content":false,"footnotes":""},"categories":[109,46],"tags":[],"class_list":["post-61247","post","type-post","status-publish","format-standard","has-post-thumbnail","hentry","category-minuto-a-minuto","category-zona-blanca"],"jetpack_featured_media_url":"https:\/\/zonaroja.com.mx\/wp-content\/uploads\/2023\/10\/Alejandra-Robles.jpeg","jetpack_sharing_enabled":true,"_links":{"self":[{"href":"https:\/\/zonaroja.com.mx\/index.php?rest_route=\/wp\/v2\/posts\/61247","targetHints":{"allow":["GET"]}}],"collection":[{"href":"https:\/\/zonaroja.com.mx\/index.php?rest_route=\/wp\/v2\/posts"}],"about":[{"href":"https:\/\/zonaroja.com.mx\/index.php?rest_route=\/wp\/v2\/types\/post"}],"author":[{"embeddable":true,"href":"https:\/\/zonaroja.com.mx\/index.php?rest_route=\/wp\/v2\/users\/2"}],"replies":[{"embeddable":true,"href":"https:\/\/zonaroja.com.mx\/index.php?rest_route=%2Fwp%2Fv2%2Fcomments&post=61247"}],"version-history":[{"count":1,"href":"https:\/\/zonaroja.com.mx\/index.php?rest_route=\/wp\/v2\/posts\/61247\/revisions"}],"predecessor-version":[{"id":61249,"href":"https:\/\/zonaroja.com.mx\/index.php?rest_route=\/wp\/v2\/posts\/61247\/revisions\/61249"}],"wp:featuredmedia":[{"embeddable":true,"href":"https:\/\/zonaroja.com.mx\/index.php?rest_route=\/wp\/v2\/media\/61248"}],"wp:attachment":[{"href":"https:\/\/zonaroja.com.mx\/index.php?rest_route=%2Fwp%2Fv2%2Fmedia&parent=61247"}],"wp:term":[{"taxonomy":"category","embeddable":true,"href":"https:\/\/zonaroja.com.mx\/index.php?rest_route=%2Fwp%2Fv2%2Fcategories&post=61247"},{"taxonomy":"post_tag","embeddable":true,"href":"https:\/\/zonaroja.com.mx\/index.php?rest_route=%2Fwp%2Fv2%2Ftags&post=61247"}],"curies":[{"name":"wp","href":"https:\/\/api.w.org\/{rel}","templated":true}]}}