{"id":61252,"date":"2023-10-22T15:12:00","date_gmt":"2023-10-22T20:12:00","guid":{"rendered":"http:\/\/www.zonaroja.com.mx\/?p=61252"},"modified":"2023-10-22T09:16:08","modified_gmt":"2023-10-22T14:16:08","slug":"matan-a-un-nino-cada-15-minutos-en-la-franja-de-gaza","status":"publish","type":"post","link":"https:\/\/zonaroja.com.mx\/?p=61252","title":{"rendered":"Matan a un ni\u00f1o cada 15 minutos en la Franja de Gaza\u00a0"},"content":{"rendered":"\n<p>Redacci\u00f3n\/Zona Roja Cdmx.<\/p>\n\n\n\n<p>Ciudad de M\u00e9xico, a 22 de octubre de 2023.- M\u00e1s de mil ni\u00f1os y ni\u00f1as han muerto en las dos semanas de ataques a\u00e9reos israel\u00edes sobre la franja de Gaza, lo que equivale a uno cada 15 minutos, inform\u00f3 la organizaci\u00f3n humanitaria Save The Children.<\/p>\n\n\n\n<p>\u201cLos ni\u00f1os y las ni\u00f1as representan un tercio del total de muertes por el momento en Gaza\u201d, indic\u00f3 la ONG en un comunicado, por lo que inst\u00f3 a \u201cun alto el fuego inmediato\u201d ante esta situaci\u00f3n.<\/p>\n\n\n\n<p>Al menos mil 300 personas tambi\u00e9n han muerto en Israel, donde fuentes oficiales no han confirmado las cifras de ni\u00f1os y ni\u00f1as muertos, \u201caunque s\u00ed se sabe que se han visto gravemente afectados\u201d. De acuerdo con su reporte, se\u00f1ala que hay informaciones que \u201csugieren la existencia de menores entre las 199 personas secuestradas y llevadas a Gaza como rehenes\u201d.<\/p>\n\n\n\n<p>\u201cMientras contin\u00faa el \u2018asedio total1 de Gaza\u2019, la ya de por s\u00ed terrible situaci\u00f3n humanitaria sigue empeorando, dando lugar a necesidades cada vez mayores. Sin posibilidad de entrada de suministros de ayuda y bienes b\u00e1sicos, Naciones Unidas advirti\u00f3 ayer de que el agua potable se est\u00e1 acabando y que la gente, especialmente los ni\u00f1os y ni\u00f1as m\u00e1s peque\u00f1os, pronto empezar\u00e1 a morir de deshidrataci\u00f3n grave\u201d, se\u00f1al\u00f3.<\/p>\n\n\n\n<p>(Informaci\u00f3n de \u201cLa Jornada\u201d)<\/p>\n","protected":false},"excerpt":{"rendered":"<p>Redacci\u00f3n\/Zona Roja Cdmx. Ciudad de M\u00e9xico, a 22 de octubre de 2023.- M\u00e1s de mil&hellip;<\/p>\n","protected":false},"author":2,"featured_media":61253,"comment_status":"closed","ping_status":"open","sticky":false,"template":"","format":"standard","meta":{"_lmt_disableupdate":"","_lmt_disable":"","_jetpack_memberships_contains_paid_content":false,"footnotes":""},"categories":[109,47],"tags":[2668],"class_list":["post-61252","post","type-post","status-publish","format-standard","has-post-thumbnail","hentry","category-minuto-a-minuto","category-zona-gris","tag-conflicto-gaza-israel"],"jetpack_featured_media_url":"https:\/\/zonaroja.com.mx\/wp-content\/uploads\/2023\/10\/Ninos-muertos-Gaza-Israel.jpeg","jetpack_sharing_enabled":true,"_links":{"self":[{"href":"https:\/\/zonaroja.com.mx\/index.php?rest_route=\/wp\/v2\/posts\/61252","targetHints":{"allow":["GET"]}}],"collection":[{"href":"https:\/\/zonaroja.com.mx\/index.php?rest_route=\/wp\/v2\/posts"}],"about":[{"href":"https:\/\/zonaroja.com.mx\/index.php?rest_route=\/wp\/v2\/types\/post"}],"author":[{"embeddable":true,"href":"https:\/\/zonaroja.com.mx\/index.php?rest_route=\/wp\/v2\/users\/2"}],"replies":[{"embeddable":true,"href":"https:\/\/zonaroja.com.mx\/index.php?rest_route=%2Fwp%2Fv2%2Fcomments&post=61252"}],"version-history":[{"count":1,"href":"https:\/\/zonaroja.com.mx\/index.php?rest_route=\/wp\/v2\/posts\/61252\/revisions"}],"predecessor-version":[{"id":61254,"href":"https:\/\/zonaroja.com.mx\/index.php?rest_route=\/wp\/v2\/posts\/61252\/revisions\/61254"}],"wp:featuredmedia":[{"embeddable":true,"href":"https:\/\/zonaroja.com.mx\/index.php?rest_route=\/wp\/v2\/media\/61253"}],"wp:attachment":[{"href":"https:\/\/zonaroja.com.mx\/index.php?rest_route=%2Fwp%2Fv2%2Fmedia&parent=61252"}],"wp:term":[{"taxonomy":"category","embeddable":true,"href":"https:\/\/zonaroja.com.mx\/index.php?rest_route=%2Fwp%2Fv2%2Fcategories&post=61252"},{"taxonomy":"post_tag","embeddable":true,"href":"https:\/\/zonaroja.com.mx\/index.php?rest_route=%2Fwp%2Fv2%2Ftags&post=61252"}],"curies":[{"name":"wp","href":"https:\/\/api.w.org\/{rel}","templated":true}]}}