{"id":61259,"date":"2023-10-22T18:01:53","date_gmt":"2023-10-22T23:01:53","guid":{"rendered":"http:\/\/www.zonaroja.com.mx\/?p=61259"},"modified":"2023-10-22T18:01:56","modified_gmt":"2023-10-22T23:01:56","slug":"pleito-por-terreno-deja-dos-muertos-en-miahuatlan-oaxaca-entre-ellos-una-mujer","status":"publish","type":"post","link":"https:\/\/zonaroja.com.mx\/?p=61259","title":{"rendered":"Pleito por terreno deja dos muertos en Miahuatl\u00e1n, Oaxaca, entre ellos una mujer"},"content":{"rendered":"\n<p>Ismael Garc\u00eda M.\/Zona Roja.<\/p>\n\n\n\n<p>Oaxaca de Ju\u00e1rez, Oax., a 22 de octubre de 2023.- Un hombre y una mujer de edad adulta perdieron la vida anoche en Miahuatl\u00e1n de Porfirio D\u00edaz por disparos de arma de fuego.<\/p>\n\n\n\n<p>La disputa por un terreno es una de las principales l\u00edneas de la investigaci\u00f3n que realiza la Fiscal\u00eda General del Estado, confirmaron fuentes oficiales.<\/p>\n\n\n\n<p>El doble homicidio se perpetr\u00f3 anoche alrededor de las 23:40 horas en un predio ubicado en camino a la rancher\u00eda El Tecolote, donde fueron halladas las v\u00edctimas, identificadas de manera preliminar como Antonio Enrique C. R., de 69 a\u00f1os de edad, de ocupaci\u00f3n jubilado pensionado, y Esperanza Cristina G. R., de 69 a\u00f1os de edad, ama de casa.<\/p>\n\n\n\n<p>De los primeros indicios recabados en el sitio, se cuenta un casquillos percutidos de arma de fuego, de calibre nueve mil\u00edmetros, as\u00ed como una camioneta marca GM, tipo Yuc\u00f3n.<\/p>\n\n\n\n<p>Seg\u00fan los familiares, hab\u00eda un pleito por un terreno que los hoy fallecidos hab\u00edan dado a trabajar a un se\u00f1or de nombre \u00d3scar C., pero quienes al parecer quer\u00edan quedarse con la propiedad.<\/p>\n\n\n\n<p>Personal de la Fiscal\u00eda General del Estado de Oaxaca inici\u00f3 las primeras indagatorias en el lugar de los hechos  y abri\u00f3 la Carpeta de Investigaci\u00f3n correspondiente, con la finalidad de dar con el o los probables responsables del doble homicidio.<\/p>\n","protected":false},"excerpt":{"rendered":"<p>Ismael Garc\u00eda M.\/Zona Roja. Oaxaca de Ju\u00e1rez, Oax., a 22 de octubre de 2023.- Un&hellip;<\/p>\n","protected":false},"author":2,"featured_media":38093,"comment_status":"closed","ping_status":"open","sticky":false,"template":"","format":"standard","meta":{"_lmt_disableupdate":"","_lmt_disable":"","_jetpack_memberships_contains_paid_content":false,"footnotes":""},"categories":[109,51],"tags":[169],"class_list":["post-61259","post","type-post","status-publish","format-standard","has-post-thumbnail","hentry","category-minuto-a-minuto","category-zona-roja","tag-miahuatlan-de-porfirio-diaz"],"jetpack_featured_media_url":"https:\/\/zonaroja.com.mx\/wp-content\/uploads\/2022\/02\/Policia-escena-seguridad-violencia-crimen.jpg","jetpack_sharing_enabled":true,"_links":{"self":[{"href":"https:\/\/zonaroja.com.mx\/index.php?rest_route=\/wp\/v2\/posts\/61259","targetHints":{"allow":["GET"]}}],"collection":[{"href":"https:\/\/zonaroja.com.mx\/index.php?rest_route=\/wp\/v2\/posts"}],"about":[{"href":"https:\/\/zonaroja.com.mx\/index.php?rest_route=\/wp\/v2\/types\/post"}],"author":[{"embeddable":true,"href":"https:\/\/zonaroja.com.mx\/index.php?rest_route=\/wp\/v2\/users\/2"}],"replies":[{"embeddable":true,"href":"https:\/\/zonaroja.com.mx\/index.php?rest_route=%2Fwp%2Fv2%2Fcomments&post=61259"}],"version-history":[{"count":1,"href":"https:\/\/zonaroja.com.mx\/index.php?rest_route=\/wp\/v2\/posts\/61259\/revisions"}],"predecessor-version":[{"id":61260,"href":"https:\/\/zonaroja.com.mx\/index.php?rest_route=\/wp\/v2\/posts\/61259\/revisions\/61260"}],"wp:featuredmedia":[{"embeddable":true,"href":"https:\/\/zonaroja.com.mx\/index.php?rest_route=\/wp\/v2\/media\/38093"}],"wp:attachment":[{"href":"https:\/\/zonaroja.com.mx\/index.php?rest_route=%2Fwp%2Fv2%2Fmedia&parent=61259"}],"wp:term":[{"taxonomy":"category","embeddable":true,"href":"https:\/\/zonaroja.com.mx\/index.php?rest_route=%2Fwp%2Fv2%2Fcategories&post=61259"},{"taxonomy":"post_tag","embeddable":true,"href":"https:\/\/zonaroja.com.mx\/index.php?rest_route=%2Fwp%2Fv2%2Ftags&post=61259"}],"curies":[{"name":"wp","href":"https:\/\/api.w.org\/{rel}","templated":true}]}}