{"id":61261,"date":"2023-10-22T20:00:42","date_gmt":"2023-10-23T01:00:42","guid":{"rendered":"http:\/\/www.zonaroja.com.mx\/?p=61261"},"modified":"2023-10-22T20:00:44","modified_gmt":"2023-10-23T01:00:44","slug":"desde-el-auditorio-guelaguetza-llama-nino-morales-a-fortalecer-la-4t","status":"publish","type":"post","link":"https:\/\/zonaroja.com.mx\/?p=61261","title":{"rendered":"Desde el auditorio \u201cGuelaguetza\u201d, llama Nino Morales a fortalecer la 4T"},"content":{"rendered":"\n<p>Raymundo Morales\/Zona Roja.<\/p>\n\n\n\n<p>Oaxaca de Ju\u00e1rez, Oax.- 22 de octubre de 2023.- Desde el auditorio \u201cGuelaguetza\u201d de la ciudad de Oaxaca y ante miles de personas, Antonino Morales Toledo convoc\u00f3 a fortalecer la llamada Cuarta Transformaci\u00f3n y seguir respaldando a los gobiernos emanados de este movimiento.<\/p>\n\n\n\n<p>En ese marco, el pol\u00edtico istme\u00f1o, referente del Partido Morena, pidi\u00f3 a los asistentes guardar un minuto de silencio en memoria de las dos personas fallecidas el pasado viernes a causa de un accidente carretero, Liliana Flores y Raciel Cabrera Garc\u00eda<\/p>\n\n\n\n<p>Al iInvitar a militantes y simpatizantes del movimiento de Regeneraci\u00f3n Nacional a seguir fortaleciendo la transformaci\u00f3n en el estado, Morales Toledo destac\u00f3 que la esperanza une a M\u00e9xico, porque devuelve la dignidad al pueblo.<\/p>\n\n\n\n<p>En el escenario que fue testigo fiel de la primera Asamblea Constitutiva de Morena y que marc\u00f3 la pauta a nivel nacional, el joven fundador del partido guinda, se\u00f1al\u00f3 que las asambleas informativas en las que participa a invitaci\u00f3n de militantes y simpatizantes del movimiento, conlleva a fortalecer la unidad y organiza a la militancia.<\/p>\n\n\n\n<p>Resalt\u00f3 tambi\u00e9n que este tipo de acercamientos con la gente permite mantener un di\u00e1logo directo y sincero con el pueblo que asiste, toda vez que representa tambi\u00e9n la herramienta democr\u00e1tica por excelencia de la organizaci\u00f3n.<\/p>\n\n\n\n<p>\u00abEstamos aqu\u00ed, como personas libres e informadas, preocupadas por el destino pol\u00edtico de nuestro pueblo.&nbsp;<\/p>\n\n\n\n<p>\u201cNos une la esperanza de llevar a buen puerto la transformaci\u00f3n de M\u00e9xico, iniciada de manera brillante por nuestro gran Presidente Andr\u00e9s Manuel L\u00f3pez Obradoor, a trav\u00e9s de un gobierno que se ha ganado a pulso su lugar en la Historia\u00bb, afirm\u00f3 el pol\u00edtico del Istmo.<\/p>\n","protected":false},"excerpt":{"rendered":"<p>Raymundo Morales\/Zona Roja. Oaxaca de Ju\u00e1rez, Oax.- 22 de octubre de 2023.- Desde el auditorio&hellip;<\/p>\n","protected":false},"author":2,"featured_media":61262,"comment_status":"closed","ping_status":"open","sticky":false,"template":"","format":"standard","meta":{"_lmt_disableupdate":"","_lmt_disable":"","_jetpack_memberships_contains_paid_content":false,"footnotes":""},"categories":[109,46],"tags":[180],"class_list":["post-61261","post","type-post","status-publish","format-standard","has-post-thumbnail","hentry","category-minuto-a-minuto","category-zona-blanca","tag-antonino-morales-toledo"],"jetpack_featured_media_url":"https:\/\/zonaroja.com.mx\/wp-content\/uploads\/2023\/10\/Antonino-Morales-Toledo-1.jpg","jetpack_sharing_enabled":true,"_links":{"self":[{"href":"https:\/\/zonaroja.com.mx\/index.php?rest_route=\/wp\/v2\/posts\/61261","targetHints":{"allow":["GET"]}}],"collection":[{"href":"https:\/\/zonaroja.com.mx\/index.php?rest_route=\/wp\/v2\/posts"}],"about":[{"href":"https:\/\/zonaroja.com.mx\/index.php?rest_route=\/wp\/v2\/types\/post"}],"author":[{"embeddable":true,"href":"https:\/\/zonaroja.com.mx\/index.php?rest_route=\/wp\/v2\/users\/2"}],"replies":[{"embeddable":true,"href":"https:\/\/zonaroja.com.mx\/index.php?rest_route=%2Fwp%2Fv2%2Fcomments&post=61261"}],"version-history":[{"count":1,"href":"https:\/\/zonaroja.com.mx\/index.php?rest_route=\/wp\/v2\/posts\/61261\/revisions"}],"predecessor-version":[{"id":61263,"href":"https:\/\/zonaroja.com.mx\/index.php?rest_route=\/wp\/v2\/posts\/61261\/revisions\/61263"}],"wp:featuredmedia":[{"embeddable":true,"href":"https:\/\/zonaroja.com.mx\/index.php?rest_route=\/wp\/v2\/media\/61262"}],"wp:attachment":[{"href":"https:\/\/zonaroja.com.mx\/index.php?rest_route=%2Fwp%2Fv2%2Fmedia&parent=61261"}],"wp:term":[{"taxonomy":"category","embeddable":true,"href":"https:\/\/zonaroja.com.mx\/index.php?rest_route=%2Fwp%2Fv2%2Fcategories&post=61261"},{"taxonomy":"post_tag","embeddable":true,"href":"https:\/\/zonaroja.com.mx\/index.php?rest_route=%2Fwp%2Fv2%2Ftags&post=61261"}],"curies":[{"name":"wp","href":"https:\/\/api.w.org\/{rel}","templated":true}]}}