{"id":61264,"date":"2023-10-22T22:08:08","date_gmt":"2023-10-23T03:08:08","guid":{"rendered":"http:\/\/www.zonaroja.com.mx\/?p=61264"},"modified":"2023-10-22T22:08:11","modified_gmt":"2023-10-23T03:08:11","slug":"firman-amlo-y-mandatarios-declaracion-de-palenque-sobre-migracion","status":"publish","type":"post","link":"https:\/\/zonaroja.com.mx\/?p=61264","title":{"rendered":"Firman AMLO y mandatarios \u201cDeclaraci\u00f3n de Palenque\u201d sobre migraci\u00f3n"},"content":{"rendered":"\n<p>Redacci\u00f3n\/Zona Roja Cdmx.<\/p>\n\n\n\n<p>Ciudad de M\u00e9xico, a 22 de octubre de 2023.- Presidentes y representantes de 12 pa\u00edses de pa\u00edses firmaron la &#8216;Declaraci\u00f3n de Palenque&#8217;, en la que se comprometieron a atender las causas que originan la migraci\u00f3n.<\/p>\n\n\n\n<p>En este sentido,&nbsp;el mexicano presidente Andr\u00e9s Manuel L\u00f3pez Obrador ofreci\u00f3 su apoyo de cooperaci\u00f3n y asistencia, con algunos de sus programas insignia, como \u201cJ\u00f3venes Construyendo el Futuro\u201d y \u201cSembrando Vida\u201d.&nbsp;<\/p>\n\n\n\n<p>Durante el &#8216;Encuentro de Palenque&#8217;&nbsp;L\u00f3pez Obrador afirm\u00f3 que la suma de esfuerzos, voluntades y recursos de los pa\u00edses de Am\u00e9rica Latina, Centroam\u00e9rica y el Caribe es fundamental para solucionar el fen\u00f3meno migratorio desde la atenci\u00f3n a las causas.<\/p>\n\n\n\n<p>\u201cSe trata de un asunto humanitario en el que tenemos que trabajar unidos\u201d, afirm\u00f3.<\/p>\n\n\n\n<p>En &nbsp;tanto, en un mensaje a medios, la canciller Alicia B\u00e1rcena dijo que en el &#8216;Encuentro de Palenque, por una Vecindad Fraterna y con Bienestar&#8217;, el gobierno mexicano tambi\u00e9n ofreci\u00f3 su cooperaci\u00f3n en materia de petr\u00f3leo, electricidad, energ\u00eda renovables y gas.<\/p>\n\n\n\n<p>A la &#8216;Declaraci\u00f3n de Palenque&#8217; se sumaron M\u00e9xico, Costa Rica, El Salvador, Belice, Panam\u00e1, Hait\u00ed, Cuba, Colombia, Honduras, Venezuela, &nbsp;Ecuador y Guatemala.<\/p>\n\n\n\n<p>Este domingo el Presidente de M\u00e9xico recibi\u00f3 a los presidentes de Colombia, Cuba, Honduras, Venezuela y el primer ministro de Hait\u00ed, as\u00ed como delegaciones de El Salvador, Belice, Panam\u00e1, Costa Rica, con realizaron un recorrido por la zona arqueol\u00f3gica de Palenque, previo a los trabajos del &#8216;Encuentro Palenque, por una Vecindad Fraterna y con Bienestar&#8217;.<\/p>\n\n\n\n<p>Orgulloso de los tesoros nacionales, fue el mismo L\u00f3pez Obrador quien explic\u00f3 a sus hom\u00f3logos de Latinoam\u00e9rica y el Caribe la importancia de esta ciudad, considerada por la UNESCO Patrimonio de la Humanidad.<\/p>\n\n\n\n<p>Asombrados, mandatarios como Nicol\u00e1s Maduro, de Venezuela y Gustavo Petro, de Venezuela, capturaron fotos con sus tel\u00e9fonos celulares y compartieron algunas en redes sociales.<\/p>\n\n\n\n<p>\u00abMaravillado con la belleza de la Zona Arqueol\u00f3gica de Palenque, un lugar m\u00e1gico, con un profundo valor hist\u00f3rico, biodiverso y de gran trascendencia cultural. \u00a1Agradezco a nuestros hermanos y hermanas mexicanos por este bonito recorrido!\u00bb, escribi\u00f3 Maduro en X.<\/p>\n\n\n\n<p>(Informaci\u00f3n de \u201cNaci\u00f3n 321\u201d)<\/p>\n\n\n\n<figure class=\"wp-block-embed\"><div class=\"wp-block-embed__wrapper\">\nhttps:\/\/x.com\/ZonaRoja_Oaxaca\/status\/1716220084220203425?s=20\n<\/div><\/figure>\n","protected":false},"excerpt":{"rendered":"<p>Redacci\u00f3n\/Zona Roja Cdmx. Ciudad de M\u00e9xico, a 22 de octubre de 2023.- Presidentes y representantes&hellip;<\/p>\n","protected":false},"author":2,"featured_media":61265,"comment_status":"closed","ping_status":"open","sticky":false,"template":"","format":"standard","meta":{"_lmt_disableupdate":"","_lmt_disable":"","_jetpack_memberships_contains_paid_content":false,"footnotes":""},"categories":[109,46],"tags":[143],"class_list":["post-61264","post","type-post","status-publish","format-standard","has-post-thumbnail","hentry","category-minuto-a-minuto","category-zona-blanca","tag-andres-manuel-lopez-obrador"],"jetpack_featured_media_url":"https:\/\/zonaroja.com.mx\/wp-content\/uploads\/2023\/10\/Lopez-Obrador-cumbre-Palenque-Chiapas-Migracion.jpeg","jetpack_sharing_enabled":true,"_links":{"self":[{"href":"https:\/\/zonaroja.com.mx\/index.php?rest_route=\/wp\/v2\/posts\/61264","targetHints":{"allow":["GET"]}}],"collection":[{"href":"https:\/\/zonaroja.com.mx\/index.php?rest_route=\/wp\/v2\/posts"}],"about":[{"href":"https:\/\/zonaroja.com.mx\/index.php?rest_route=\/wp\/v2\/types\/post"}],"author":[{"embeddable":true,"href":"https:\/\/zonaroja.com.mx\/index.php?rest_route=\/wp\/v2\/users\/2"}],"replies":[{"embeddable":true,"href":"https:\/\/zonaroja.com.mx\/index.php?rest_route=%2Fwp%2Fv2%2Fcomments&post=61264"}],"version-history":[{"count":1,"href":"https:\/\/zonaroja.com.mx\/index.php?rest_route=\/wp\/v2\/posts\/61264\/revisions"}],"predecessor-version":[{"id":61266,"href":"https:\/\/zonaroja.com.mx\/index.php?rest_route=\/wp\/v2\/posts\/61264\/revisions\/61266"}],"wp:featuredmedia":[{"embeddable":true,"href":"https:\/\/zonaroja.com.mx\/index.php?rest_route=\/wp\/v2\/media\/61265"}],"wp:attachment":[{"href":"https:\/\/zonaroja.com.mx\/index.php?rest_route=%2Fwp%2Fv2%2Fmedia&parent=61264"}],"wp:term":[{"taxonomy":"category","embeddable":true,"href":"https:\/\/zonaroja.com.mx\/index.php?rest_route=%2Fwp%2Fv2%2Fcategories&post=61264"},{"taxonomy":"post_tag","embeddable":true,"href":"https:\/\/zonaroja.com.mx\/index.php?rest_route=%2Fwp%2Fv2%2Ftags&post=61264"}],"curies":[{"name":"wp","href":"https:\/\/api.w.org\/{rel}","templated":true}]}}